{"id":7810,"date":"2026-07-15T09:00:00","date_gmt":"2026-07-15T09:00:00","guid":{"rendered":"https:\/\/location-lac-annecy.fr\/blog\/?p=7810"},"modified":"2026-07-15T09:00:00","modified_gmt":"2026-07-15T09:00:00","slug":"villa-primrose","status":"publish","type":"post","link":"https:\/\/location-lac-annecy.fr\/blog\/articles\/villa-primrose\/","title":{"rendered":"Villa Primrose : R\u00e9servation et Prix"},"content":{"rendered":"<p>La <strong>Villa Primrose<\/strong> est une destination pris\u00e9e pour ceux qui cherchent \u00e0 allier confort et luxe. Situ\u00e9e dans un cadre idyllique, cette villa propose des services de qualit\u00e9 adapt\u00e9s aux normes de 2026, notamment en mati\u00e8re d\u2019accessibilit\u00e9 et de durabilit\u00e9. Les tarifs varient en fonction des saisons et des \u00e9quipements disponibles. Cet article vous informe sur les modalit\u00e9s de r\u00e9servation, les prix et les aspects r\u00e9glementaires \u00e0 prendre en compte.<\/p>\n<h2>Pr\u00e9sentation de la Villa Primrose<\/h2>\n<h3>Localisation et caract\u00e9ristiques<\/h3>\n<p>La Villa Primrose se trouve \u00e0 proximit\u00e9 des attractions touristiques majeures, tout en offrant un environnement paisible. Elle est \u00e9quip\u00e9e de :<\/p>\n<ul>\n<li><strong>5 chambres<\/strong> avec salle de bain privative<\/li>\n<li><strong>Une piscine<\/strong> chauff\u00e9e<\/li>\n<li><strong>Un jardin<\/strong> paysager<\/li>\n<li><strong>Un espace bien-\u00eatre<\/strong> avec sauna et salle de sport<\/li>\n<\/ul>\n<p>Ces installations sont con\u00e7ues pour r\u00e9pondre aux besoins des vacanciers modernes.<\/p>\n<h3>Normes r\u00e9glementaires 2026<\/h3>\n<p>\u00c0 partir de 2026, la villa respecte les nouvelles normes environnementales et d\u2019accessibilit\u00e9. Cela inclut :<\/p>\n<ul>\n<li>L\u2019utilisation de mat\u00e9riaux \u00e9cologiques<\/li>\n<li>Des syst\u00e8mes \u00e9nerg\u00e9tiques renouvelables<\/li>\n<li>Des am\u00e9nagements adapt\u00e9s aux personnes \u00e0 mobilit\u00e9 r\u00e9duite<\/li>\n<\/ul>\n<p>Ces mesures garantissent non seulement le confort, mais aussi le respect de l\u2019environnement.<\/p>\n<h2>Tarification de la Villa Primrose<\/h2>\n<h3>Fourchette de prix<\/h3>\n<p>Les tarifs pour la r\u00e9servation d\u2019une nuit \u00e0 la Villa Primrose varient selon la saison :<\/p>\n<table class=\"kwdbank-table\">\n<thead>\n<tr>\n<th>Saison<\/th>\n<th>Prix par nuit (en \u20ac)<\/th>\n<\/tr>\n<\/thead>\n<tbody>\n<tr>\n<td>Basse saison<\/td>\n<td>300<\/td>\n<\/tr>\n<tr>\n<td>Haute saison<\/td>\n<td>500<\/td>\n<\/tr>\n<tr>\n<td>Semaine sp\u00e9ciale (\u00e9t\u00e9)<\/td>\n<td>700<\/td>\n<\/tr>\n<\/tbody>\n<\/table>\n<p>Ces prix incluent g\u00e9n\u00e9ralement l\u2019acc\u00e8s \u00e0 toutes les installations, ainsi que le m\u00e9nage quotidien.<\/p>\n<h3>Options suppl\u00e9mentaires<\/h3>\n<p>Des services additionnels peuvent \u00eatre disponibles, tels que :<\/p>\n<ul>\n<li>Un chef priv\u00e9 : \u00e0 partir de 150 \u20ac par repas<\/li>\n<li>Transfert a\u00e9roport : environ 80 \u20ac par trajet<\/li>\n<li>Excursions organis\u00e9es : tarif variable selon l\u2019activit\u00e9<\/li>\n<\/ul>\n<p>Ces options permettent d\u2019optimiser votre exp\u00e9rience et d\u2019ajouter une touche personnelle \u00e0 votre s\u00e9jour.<\/p>\n<h2>Modalit\u00e9s de r\u00e9servation<\/h2>\n<h3>Processus en ligne<\/h3>\n<p>La r\u00e9servation se fait principalement via le site officiel ou des plateformes partenaires. Voici les \u00e9tapes \u00e0 suivre :<\/p>\n<ol>\n<li>S\u00e9lectionnez vos dates.<\/li>\n<li>Choisissez le type de chambre.<\/li>\n<li>Ajoutez des options suppl\u00e9mentaires si d\u00e9sir\u00e9.<\/li>\n<li>Proc\u00e9dez au paiement s\u00e9curis\u00e9.<\/li>\n<\/ol>\n<p>Il est recommand\u00e9 de r\u00e9server plusieurs mois \u00e0 l\u2019avance, surtout pour la haute saison, afin d\u2019assurer la disponibilit\u00e9.<\/p>\n<h3>Pi\u00e8ge \u00e0 \u00e9viter<\/h3>\n<p>Un pi\u00e8ge fr\u00e9quent lors de la r\u00e9servation est d\u2019ignorer les conditions d\u2019annulation. V\u00e9rifiez toujours :<\/p>\n<ul>\n<li>La politique d\u2019annulation (souvent stricte en haute saison)<\/li>\n<li>Les frais \u00e9ventuels pour modifications tardives<\/li>\n<\/ul>\n<p>Cela vous \u00e9vitera des frais impr\u00e9vus si vos projets changent.<\/p>\n<h2>Avis et retours d\u2019exp\u00e9rience<\/h2>\n<p>Les avis des clients soulignent souvent l\u2019excellence du service client et la qualit\u00e9 des installations. En 2025, plus de 90 % des visiteurs ont exprim\u00e9 leur satisfaction sur des plateformes comme TripAdvisor et Booking.com.<\/p>\n<h3>T\u00e9moignages concrets<\/h3>\n<ol>\n<li><strong>Jean-Pierre<\/strong>, un client r\u00e9gulier, note : \u201cLa Villa Primrose offre un cadre exceptionnel avec un service irr\u00e9prochable.\u201d<\/li>\n<li><strong>Sophie<\/strong>, qui a c\u00e9l\u00e9br\u00e9 son anniversaire l\u00e0-bas, ajoute : \u201cChaque d\u00e9tail \u00e9tait pens\u00e9 pour rendre notre s\u00e9jour inoubliable.\u201d<\/li>\n<\/ol>\n<p>Ces t\u00e9moignages t\u00e9moignent non seulement de la qualit\u00e9 des prestations mais \u00e9galement du respect des normes \u00e9tablies.<\/p>\n<h2>Conclusion sur la Villa Primrose<\/h2>\n<p>Pour une exp\u00e9rience inoubliable dans un cadre luxueux tout en respectant les normes modernes, la Villa Primrose est une option id\u00e9ale. Que vous soyez en qu\u00eate d\u2019un week-end romantique ou d\u2019un s\u00e9jour en famille, cette villa saura r\u00e9pondre \u00e0 vos attentes tout en vous garantissant confort et s\u00e9r\u00e9nit\u00e9.<\/p>\n<h2>FAQ<\/h2>\n<h3>Quels sont les moyens de paiement accept\u00e9s pour r\u00e9server \u00e0 la Villa Primrose ?<\/h3>\n<p>La Villa Primrose accepte g\u00e9n\u00e9ralement les cartes bancaires principales ainsi que PayPal pour plus de commodit\u00e9.<\/p>\n<h3>Peut-on annuler une r\u00e9servation sans frais ?<\/h3>\n<p>Cela d\u00e9pend des conditions sp\u00e9cifiques appliqu\u00e9es lors de votre r\u00e9servation ; il est conseill\u00e9 de lire attentivement ces d\u00e9tails avant de confirmer.<\/p>\n<h3>La villa propose-t-elle des activit\u00e9s sur place ?<\/h3>\n<p>Oui, plusieurs activit\u00e9s telles que le yoga ou des ateliers culinaires peuvent \u00eatre organis\u00e9es sur demande.<\/p>\n<h3>Y a-t-il un minimum de nuits requis pour r\u00e9server ?<\/h3>\n<p>Souvent, un s\u00e9jour minimum peut \u00eatre requis pendant les p\u00e9riodes de forte affluence ; v\u00e9rifiez lors de votre r\u00e9servation.<\/p>\n<h3>Quelle est la politique concernant les animaux domestiques ?<\/h3>\n<p>Il est recommand\u00e9 de consulter le site officiel ou contacter directement la villa pour conna\u00eetre leur politique sur les animaux domestiques.<\/p>\n<h3>Comment rejoindre la villa depuis l\u2019a\u00e9roport le plus proche ?<\/h3>\n<p>Des services de transfert peuvent \u00eatre organis\u00e9s sur demande ; sinon, plusieurs options publiques sont \u00e9galement disponibles selon votre budget.<\/p>\n","protected":false},"excerpt":{"rendered":"","protected":false},"author":34,"featured_media":999999999,"comment_status":"open","ping_status":"open","sticky":false,"template":"","format":"standard","meta":{"_acf_changed":false,"manual_indexmenow":false,"indexmenow_id_project":0,"footnotes":""},"categories":[4820],"tags":[],"class_list":["post-7810","post","type-post","status-publish","format-standard","has-post-thumbnail","hentry","category-articles","generate-columns","tablet-grid-50","mobile-grid-100","grid-parent","grid-25"],"acf":[],"yoast_head":"<!-- This site is optimized with the Yoast SEO Premium plugin v21.3 (Yoast SEO v26.5) - https:\/\/yoast.com\/wordpress\/plugins\/seo\/ -->\n<title>Villa Primrose : R\u00e9servation et Prix<\/title>\n<meta name=\"description\" content=\"La Villa Primrose est une destination pris\u00e9e pour ceux qui cherchent \u00e0 allier confort et luxe. Situ\u00e9e dans un cadre idyllique, cette villa propose des\u2026\" \/>\n<meta name=\"robots\" content=\"index, follow, max-snippet:-1, max-image-preview:large, max-video-preview:-1\" \/>\n<link rel=\"canonical\" href=\"https:\/\/location-lac-annecy.fr\/blog\/articles\/villa-primrose\/\" \/>\n<meta property=\"og:locale\" content=\"fr_FR\" \/>\n<meta property=\"og:type\" content=\"article\" \/>\n<meta property=\"og:title\" content=\"Villa Primrose : R\u00e9servation et Prix\" \/>\n<meta property=\"og:description\" content=\"La Villa Primrose est une destination pris\u00e9e pour ceux qui cherchent \u00e0 allier confort et luxe. Situ\u00e9e dans un cadre idyllique, cette villa propose des\u2026\" \/>\n<meta property=\"og:url\" content=\"https:\/\/location-lac-annecy.fr\/blog\/articles\/villa-primrose\/\" \/>\n<meta property=\"og:site_name\" content=\"location-lac-annecy\" \/>\n<meta name=\"author\" content=\"Camille Rouvray\" \/>\n<meta name=\"twitter:card\" content=\"summary_large_image\" \/>\n<script type=\"application\/ld+json\" class=\"yoast-schema-graph\">{\"@context\":\"https:\/\/schema.org\",\"@graph\":[{\"@type\":\"NewsArticle\",\"@id\":\"https:\/\/location-lac-annecy.fr\/blog\/articles\/villa-primrose\/#article\",\"isPartOf\":{\"@id\":\"https:\/\/location-lac-annecy.fr\/blog\/articles\/villa-primrose\/\"},\"author\":{\"name\":\"Camille Rouvray\",\"@id\":\"https:\/\/location-lac-annecy.fr\/blog\/#\/schema\/person\/3c864cdc320801e3db34b663e7e3f816\"},\"headline\":\"Villa Primrose : R\u00e9servation et Prix\",\"datePublished\":\"2026-07-15T09:00:00+00:00\",\"mainEntityOfPage\":{\"@id\":\"https:\/\/location-lac-annecy.fr\/blog\/articles\/villa-primrose\/\"},\"wordCount\":770,\"commentCount\":0,\"publisher\":{\"@id\":\"https:\/\/location-lac-annecy.fr\/blog\/#organization\"},\"image\":{\"@id\":\"https:\/\/location-lac-annecy.fr\/blog\/articles\/villa-primrose\/#primaryimage\"},\"thumbnailUrl\":\"https:\/\/images.pexels.com\/photos\/28054875\/pexels-photo-28054875.jpeg?auto=compress&cs=tinysrgb&fit=crop&h=627&w=1200\",\"articleSection\":[\"Articles\"],\"inLanguage\":\"fr-FR\",\"potentialAction\":[{\"@type\":\"CommentAction\",\"name\":\"Comment\",\"target\":[\"https:\/\/location-lac-annecy.fr\/blog\/articles\/villa-primrose\/#respond\"]}]},{\"@type\":\"WebPage\",\"@id\":\"https:\/\/location-lac-annecy.fr\/blog\/articles\/villa-primrose\/\",\"url\":\"https:\/\/location-lac-annecy.fr\/blog\/articles\/villa-primrose\/\",\"name\":\"Villa Primrose : R\u00e9servation et Prix\",\"isPartOf\":{\"@id\":\"https:\/\/location-lac-annecy.fr\/blog\/#website\"},\"primaryImageOfPage\":{\"@id\":\"https:\/\/location-lac-annecy.fr\/blog\/articles\/villa-primrose\/#primaryimage\"},\"image\":{\"@id\":\"https:\/\/location-lac-annecy.fr\/blog\/articles\/villa-primrose\/#primaryimage\"},\"thumbnailUrl\":\"https:\/\/images.pexels.com\/photos\/28054875\/pexels-photo-28054875.jpeg?auto=compress&cs=tinysrgb&fit=crop&h=627&w=1200\",\"datePublished\":\"2026-07-15T09:00:00+00:00\",\"description\":\"La Villa Primrose est une destination pris\u00e9e pour ceux qui cherchent \u00e0 allier confort et luxe. Situ\u00e9e dans un cadre idyllique, cette villa propose des\u2026\",\"inLanguage\":\"fr-FR\",\"potentialAction\":[{\"@type\":\"ReadAction\",\"target\":[\"https:\/\/location-lac-annecy.fr\/blog\/articles\/villa-primrose\/\"]}]},{\"@type\":\"ImageObject\",\"inLanguage\":\"fr-FR\",\"@id\":\"https:\/\/location-lac-annecy.fr\/blog\/articles\/villa-primrose\/#primaryimage\",\"url\":\"https:\/\/images.pexels.com\/photos\/28054875\/pexels-photo-28054875.jpeg?auto=compress&cs=tinysrgb&fit=crop&h=627&w=1200\",\"contentUrl\":\"https:\/\/images.pexels.com\/photos\/28054875\/pexels-photo-28054875.jpeg?auto=compress&cs=tinysrgb&fit=crop&h=627&w=1200\"},{\"@type\":\"WebSite\",\"@id\":\"https:\/\/location-lac-annecy.fr\/blog\/#website\",\"url\":\"https:\/\/location-lac-annecy.fr\/blog\/\",\"name\":\"Lac d\\\\u2019Annecy\",\"description\":\"D\u00e9couvrez Annecy, vivez l\u2019exception.\",\"publisher\":{\"@id\":\"https:\/\/location-lac-annecy.fr\/blog\/#organization\"},\"alternateName\":\"D\u00e9couvrez Annecy, vivez l\u2019exception.\",\"potentialAction\":[{\"@type\":\"SearchAction\",\"target\":{\"@type\":\"EntryPoint\",\"urlTemplate\":\"https:\/\/location-lac-annecy.fr\/blog\/?s={search_term_string}\"},\"query-input\":{\"@type\":\"PropertyValueSpecification\",\"valueRequired\":true,\"valueName\":\"search_term_string\"}}],\"inLanguage\":\"fr-FR\"},{\"@type\":[\"Organization\",\"NewsMediaOrganization\"],\"@id\":\"https:\/\/location-lac-annecy.fr\/blog\/#organization\",\"name\":\"Lac d\\\\u2019Annecy\",\"alternateName\":\"Lac d\\\\u2019Annecy \u2014 Le carnet du territoire\",\"url\":\"https:\/\/location-lac-annecy.fr\/blog\/\",\"logo\":{\"@type\":\"ImageObject\",\"inLanguage\":\"fr-FR\",\"@id\":\"https:\/\/location-lac-annecy.fr\/blog\/#\/schema\/logo\/image\/\",\"url\":\"https:\/\/location-lac-annecy.fr\/blog\/wp-content\/uploads\/2024\/12\/cropped-Location-Lac-Annecy.png\",\"contentUrl\":\"https:\/\/location-lac-annecy.fr\/blog\/wp-content\/uploads\/2024\/12\/cropped-Location-Lac-Annecy.png\",\"width\":500,\"height\":348,\"caption\":\"Lac d\\\\u2019Annecy\"},\"image\":{\"@id\":\"https:\/\/location-lac-annecy.fr\/blog\/#\/schema\/logo\/image\/\"},\"publishingPrinciples\":\"https:\/\/location-lac-annecy.fr\/blog\/charte-editoriale\/\",\"ethicsPolicy\":\"https:\/\/location-lac-annecy.fr\/blog\/charte-editoriale\/\",\"actionableFeedbackPolicy\":\"https:\/\/location-lac-annecy.fr\/blog\/contact\/\",\"foundingDate\":\"2024-12-01\"},{\"@type\":\"Person\",\"@id\":\"https:\/\/location-lac-annecy.fr\/blog\/#\/schema\/person\/3c864cdc320801e3db34b663e7e3f816\",\"name\":\"Camille Rouvray\",\"image\":{\"@type\":\"ImageObject\",\"inLanguage\":\"fr-FR\",\"@id\":\"https:\/\/location-lac-annecy.fr\/blog\/#\/schema\/person\/image\/\",\"url\":\"https:\/\/location-lac-annecy.fr\/blog\/wp-content\/uploads\/2026\/06\/persona_camille-r-96x96.jpg\",\"contentUrl\":\"https:\/\/location-lac-annecy.fr\/blog\/wp-content\/uploads\/2026\/06\/persona_camille-r-96x96.jpg\",\"caption\":\"Camille Rouvray\"},\"description\":\"Je voyage et j'\u00e9cris sur le voyage depuis une douzaine d'ann\u00e9es, d'abord en tant que routarde au long cours, puis comme r\u00e9dactrice sp\u00e9cialis\u00e9e. Mon terrain de pr\u00e9dilection, ce sont les circuits organis\u00e9s et l'art de bien pr\u00e9parer un itin\u00e9raire : choix de la saison, dur\u00e9e r\u00e9aliste des \u00e9tapes, budget jour par jour, logement et transport sur place. J'aime aussi raconter les p\u00e9pites urbaines, ces adresses qu'on ne trouve pas dans les guides classiques. Avant de publier un dossier destination, je croise toujours plusieurs sources, je v\u00e9rifie les tarifs et les formalit\u00e9s d'entr\u00e9e \u00e0 jour, et je teste moi-m\u00eame quand je le peux. Mon angle reste pratique avant tout : aider le lecteur \u00e0 partir l'esprit tranquille, sans mauvaise surprise une fois sur place. Je m'attache \u00e0 distinguer le coup de c\u0153ur sinc\u00e8re du simple argument marketing.\",\"sameAs\":[\"https:\/\/camillerouvray.fr\/\"],\"url\":\"https:\/\/location-lac-annecy.fr\/blog\/auteur\/noname\/\"}]}<\/script>\n<!-- \/ Yoast SEO Premium plugin. -->","yoast_head_json":{"title":"Villa Primrose : R\u00e9servation et Prix","description":"La Villa Primrose est une destination pris\u00e9e pour ceux qui cherchent \u00e0 allier confort et luxe. Situ\u00e9e dans un cadre idyllique, cette villa propose des\u2026","robots":{"index":"index","follow":"follow","max-snippet":"max-snippet:-1","max-image-preview":"max-image-preview:large","max-video-preview":"max-video-preview:-1"},"canonical":"https:\/\/location-lac-annecy.fr\/blog\/articles\/villa-primrose\/","og_locale":"fr_FR","og_type":"article","og_title":"Villa Primrose : R\u00e9servation et Prix","og_description":"La Villa Primrose est une destination pris\u00e9e pour ceux qui cherchent \u00e0 allier confort et luxe. Situ\u00e9e dans un cadre idyllique, cette villa propose des\u2026","og_url":"https:\/\/location-lac-annecy.fr\/blog\/articles\/villa-primrose\/","og_site_name":"location-lac-annecy","author":"Camille Rouvray","twitter_card":"summary_large_image","schema":{"@context":"https:\/\/schema.org","@graph":[{"@type":"NewsArticle","@id":"https:\/\/location-lac-annecy.fr\/blog\/articles\/villa-primrose\/#article","isPartOf":{"@id":"https:\/\/location-lac-annecy.fr\/blog\/articles\/villa-primrose\/"},"author":{"name":"Camille Rouvray","@id":"https:\/\/location-lac-annecy.fr\/blog\/#\/schema\/person\/3c864cdc320801e3db34b663e7e3f816"},"headline":"Villa Primrose : R\u00e9servation et Prix","datePublished":"2026-07-15T09:00:00+00:00","mainEntityOfPage":{"@id":"https:\/\/location-lac-annecy.fr\/blog\/articles\/villa-primrose\/"},"wordCount":770,"commentCount":0,"publisher":{"@id":"https:\/\/location-lac-annecy.fr\/blog\/#organization"},"image":{"@id":"https:\/\/location-lac-annecy.fr\/blog\/articles\/villa-primrose\/#primaryimage"},"thumbnailUrl":"https:\/\/images.pexels.com\/photos\/28054875\/pexels-photo-28054875.jpeg?auto=compress&cs=tinysrgb&fit=crop&h=627&w=1200","articleSection":["Articles"],"inLanguage":"fr-FR","potentialAction":[{"@type":"CommentAction","name":"Comment","target":["https:\/\/location-lac-annecy.fr\/blog\/articles\/villa-primrose\/#respond"]}]},{"@type":"WebPage","@id":"https:\/\/location-lac-annecy.fr\/blog\/articles\/villa-primrose\/","url":"https:\/\/location-lac-annecy.fr\/blog\/articles\/villa-primrose\/","name":"Villa Primrose : R\u00e9servation et Prix","isPartOf":{"@id":"https:\/\/location-lac-annecy.fr\/blog\/#website"},"primaryImageOfPage":{"@id":"https:\/\/location-lac-annecy.fr\/blog\/articles\/villa-primrose\/#primaryimage"},"image":{"@id":"https:\/\/location-lac-annecy.fr\/blog\/articles\/villa-primrose\/#primaryimage"},"thumbnailUrl":"https:\/\/images.pexels.com\/photos\/28054875\/pexels-photo-28054875.jpeg?auto=compress&cs=tinysrgb&fit=crop&h=627&w=1200","datePublished":"2026-07-15T09:00:00+00:00","description":"La Villa Primrose est une destination pris\u00e9e pour ceux qui cherchent \u00e0 allier confort et luxe. Situ\u00e9e dans un cadre idyllique, cette villa propose des\u2026","inLanguage":"fr-FR","potentialAction":[{"@type":"ReadAction","target":["https:\/\/location-lac-annecy.fr\/blog\/articles\/villa-primrose\/"]}]},{"@type":"ImageObject","inLanguage":"fr-FR","@id":"https:\/\/location-lac-annecy.fr\/blog\/articles\/villa-primrose\/#primaryimage","url":"https:\/\/images.pexels.com\/photos\/28054875\/pexels-photo-28054875.jpeg?auto=compress&cs=tinysrgb&fit=crop&h=627&w=1200","contentUrl":"https:\/\/images.pexels.com\/photos\/28054875\/pexels-photo-28054875.jpeg?auto=compress&cs=tinysrgb&fit=crop&h=627&w=1200"},{"@type":"WebSite","@id":"https:\/\/location-lac-annecy.fr\/blog\/#website","url":"https:\/\/location-lac-annecy.fr\/blog\/","name":"Lac d\\u2019Annecy","description":"D\u00e9couvrez Annecy, vivez l\u2019exception.","publisher":{"@id":"https:\/\/location-lac-annecy.fr\/blog\/#organization"},"alternateName":"D\u00e9couvrez Annecy, vivez l\u2019exception.","potentialAction":[{"@type":"SearchAction","target":{"@type":"EntryPoint","urlTemplate":"https:\/\/location-lac-annecy.fr\/blog\/?s={search_term_string}"},"query-input":{"@type":"PropertyValueSpecification","valueRequired":true,"valueName":"search_term_string"}}],"inLanguage":"fr-FR"},{"@type":["Organization","NewsMediaOrganization"],"@id":"https:\/\/location-lac-annecy.fr\/blog\/#organization","name":"Lac d\\u2019Annecy","alternateName":"Lac d\\u2019Annecy \u2014 Le carnet du territoire","url":"https:\/\/location-lac-annecy.fr\/blog\/","logo":{"@type":"ImageObject","inLanguage":"fr-FR","@id":"https:\/\/location-lac-annecy.fr\/blog\/#\/schema\/logo\/image\/","url":"https:\/\/location-lac-annecy.fr\/blog\/wp-content\/uploads\/2024\/12\/cropped-Location-Lac-Annecy.png","contentUrl":"https:\/\/location-lac-annecy.fr\/blog\/wp-content\/uploads\/2024\/12\/cropped-Location-Lac-Annecy.png","width":500,"height":348,"caption":"Lac d\\u2019Annecy"},"image":{"@id":"https:\/\/location-lac-annecy.fr\/blog\/#\/schema\/logo\/image\/"},"publishingPrinciples":"https:\/\/location-lac-annecy.fr\/blog\/charte-editoriale\/","ethicsPolicy":"https:\/\/location-lac-annecy.fr\/blog\/charte-editoriale\/","actionableFeedbackPolicy":"https:\/\/location-lac-annecy.fr\/blog\/contact\/","foundingDate":"2024-12-01"},{"@type":"Person","@id":"https:\/\/location-lac-annecy.fr\/blog\/#\/schema\/person\/3c864cdc320801e3db34b663e7e3f816","name":"Camille Rouvray","image":{"@type":"ImageObject","inLanguage":"fr-FR","@id":"https:\/\/location-lac-annecy.fr\/blog\/#\/schema\/person\/image\/","url":"https:\/\/location-lac-annecy.fr\/blog\/wp-content\/uploads\/2026\/06\/persona_camille-r-96x96.jpg","contentUrl":"https:\/\/location-lac-annecy.fr\/blog\/wp-content\/uploads\/2026\/06\/persona_camille-r-96x96.jpg","caption":"Camille Rouvray"},"description":"Je voyage et j'\u00e9cris sur le voyage depuis une douzaine d'ann\u00e9es, d'abord en tant que routarde au long cours, puis comme r\u00e9dactrice sp\u00e9cialis\u00e9e. Mon terrain de pr\u00e9dilection, ce sont les circuits organis\u00e9s et l'art de bien pr\u00e9parer un itin\u00e9raire : choix de la saison, dur\u00e9e r\u00e9aliste des \u00e9tapes, budget jour par jour, logement et transport sur place. J'aime aussi raconter les p\u00e9pites urbaines, ces adresses qu'on ne trouve pas dans les guides classiques. Avant de publier un dossier destination, je croise toujours plusieurs sources, je v\u00e9rifie les tarifs et les formalit\u00e9s d'entr\u00e9e \u00e0 jour, et je teste moi-m\u00eame quand je le peux. Mon angle reste pratique avant tout : aider le lecteur \u00e0 partir l'esprit tranquille, sans mauvaise surprise une fois sur place. Je m'attache \u00e0 distinguer le coup de c\u0153ur sinc\u00e8re du simple argument marketing.","sameAs":["https:\/\/camillerouvray.fr\/"],"url":"https:\/\/location-lac-annecy.fr\/blog\/auteur\/noname\/"}]}},"_links":{"self":[{"href":"https:\/\/location-lac-annecy.fr\/blog\/wp-json\/wp\/v2\/posts\/7810","targetHints":{"allow":["GET"]}}],"collection":[{"href":"https:\/\/location-lac-annecy.fr\/blog\/wp-json\/wp\/v2\/posts"}],"about":[{"href":"https:\/\/location-lac-annecy.fr\/blog\/wp-json\/wp\/v2\/types\/post"}],"author":[{"embeddable":true,"href":"https:\/\/location-lac-annecy.fr\/blog\/wp-json\/wp\/v2\/users\/34"}],"replies":[{"embeddable":true,"href":"https:\/\/location-lac-annecy.fr\/blog\/wp-json\/wp\/v2\/comments?post=7810"}],"version-history":[{"count":1,"href":"https:\/\/location-lac-annecy.fr\/blog\/wp-json\/wp\/v2\/posts\/7810\/revisions"}],"predecessor-version":[{"id":7964,"href":"https:\/\/location-lac-annecy.fr\/blog\/wp-json\/wp\/v2\/posts\/7810\/revisions\/7964"}],"wp:attachment":[{"href":"https:\/\/location-lac-annecy.fr\/blog\/wp-json\/wp\/v2\/media?parent=7810"}],"wp:term":[{"taxonomy":"category","embeddable":true,"href":"https:\/\/location-lac-annecy.fr\/blog\/wp-json\/wp\/v2\/categories?post=7810"},{"taxonomy":"post_tag","embeddable":true,"href":"https:\/\/location-lac-annecy.fr\/blog\/wp-json\/wp\/v2\/tags?post=7810"}],"curies":[{"name":"wp","href":"https:\/\/api.w.org\/{rel}","templated":true}]}}