{"id":7809,"date":"2026-07-14T09:00:00","date_gmt":"2026-07-14T09:00:00","guid":{"rendered":"https:\/\/location-lac-annecy.fr\/blog\/?p=7809"},"modified":"2026-07-14T09:00:00","modified_gmt":"2026-07-14T09:00:00","slug":"maison-a-louer-france","status":"publish","type":"post","link":"https:\/\/location-lac-annecy.fr\/blog\/immobilier\/maison-a-louer-france\/","title":{"rendered":"Maison \u00e0 louer France : 1000+ offres 2026"},"content":{"rendered":"<p>En 2026, le march\u00e9 de la location de maisons en France se diversifie consid\u00e9rablement, offrant plus de 1000 options aux internautes \u00e0 la recherche d\u2019un logement. Que vous souhaitiez louer une maison pour des vacances, un d\u00e9m\u00e9nagement ou un projet \u00e0 long terme, il existe des solutions adapt\u00e9es \u00e0 tous les besoins. Cet article explore les tendances actuelles, les prix moyens et les pi\u00e8ges \u00e0 \u00e9viter lors de votre recherche.<\/p>\n<h2>\u00c9tat du march\u00e9 locatif en France<\/h2>\n<p>Le march\u00e9 locatif fran\u00e7ais conna\u00eet une dynamique int\u00e9ressante en 2026. Les prix des loyers varient significativement selon les r\u00e9gions :<\/p>\n<ul>\n<li><strong>\u00cele-de-France<\/strong> : En moyenne, les maisons se louent autour de <strong>1 800 \u20ac par mois<\/strong>.<\/li>\n<li><strong>Provence-Alpes-C\u00f4te d\u2019Azur<\/strong> : Les tarifs atteignent environ <strong>1 500 \u20ac par mois<\/strong>.<\/li>\n<li><strong>Nouvelle-Aquitaine<\/strong> : Comptez environ <strong>1 200 \u20ac par mois<\/strong>, tandis que dans certaines zones rurales, le prix peut descendre \u00e0 <strong>800 \u20ac<\/strong>.<\/li>\n<\/ul>\n<p>Ces chiffres montrent une forte demande dans les zones touristiques et urbaines.<\/p>\n<h2>Crit\u00e8res de recherche pour une maison \u00e0 louer<\/h2>\n<p>Pour affiner votre recherche et trouver la maison id\u00e9ale, plusieurs crit\u00e8res sont \u00e0 consid\u00e9rer :<\/p>\n<h3>Localisation<\/h3>\n<p>La localisation est essentielle. D\u00e9terminez si vous pr\u00e9f\u00e9rez vivre en ville ou \u00e0 la campagne. Voici quelques zones populaires :<\/p>\n<ul>\n<li><strong>Bordeaux<\/strong> : Id\u00e9ale pour son dynamisme culturel.<\/li>\n<li><strong>Lyon<\/strong> : Connue pour sa gastronomie et sa qualit\u00e9 de vie.<\/li>\n<li><strong>Marseille<\/strong> : Pour ceux qui aiment le soleil et la mer.<\/li>\n<\/ul>\n<h3>Superficie et type de maison<\/h3>\n<p>Les superficies varient g\u00e9n\u00e9ralement entre 70 m\u00b2 et 150 m\u00b2. Pensez \u00e9galement au type de maison (maison individuelle, jumel\u00e9e ou mitoyenne) qui r\u00e9pondra le mieux \u00e0 vos besoins.<\/p>\n<h3>Budget<\/h3>\n<p>\u00c9tablissez un budget clair. N\u2019oubliez pas d\u2019inclure les charges comme l\u2019eau, l\u2019\u00e9lectricit\u00e9 ou encore le chauffage.<\/p>\n<h2>Exemples concrets de maisons \u00e0 louer<\/h2>\n<p>Voici deux exemples typiques que vous pourriez trouver sur le march\u00e9 en 2026 :<\/p>\n<table class=\"kwdbank-table\">\n<thead>\n<tr>\n<th>Localisation<\/th>\n<th>Type de Maison<\/th>\n<th>Superficie<\/th>\n<th>Loyer Mensuel<\/th>\n<\/tr>\n<\/thead>\n<tbody>\n<tr>\n<td>Nantes<\/td>\n<td>Maison individuelle<\/td>\n<td>90 m\u00b2<\/td>\n<td>1 000 \u20ac<\/td>\n<\/tr>\n<tr>\n<td>Nice<\/td>\n<td>Maison jumel\u00e9e<\/td>\n<td>75 m\u00b2<\/td>\n<td>1 300 \u20ac<\/td>\n<\/tr>\n<\/tbody>\n<\/table>\n<p>Ces exemples illustrent la diversit\u00e9 des options disponibles selon vos pr\u00e9f\u00e9rences g\u00e9ographiques et financi\u00e8res.<\/p>\n<h2>Pi\u00e8ge \u00e0 \u00e9viter lors de la location<\/h2>\n<p>Un pi\u00e8ge courant consiste \u00e0 ne pas visiter la maison avant de signer un contrat. Les photos peuvent \u00eatre trompeuses. Assurez-vous de visiter le bien pour v\u00e9rifier son \u00e9tat r\u00e9el, son environnement et sa proximit\u00e9 avec les commodit\u00e9s essentielles (transports, \u00e9coles, commerces).<\/p>\n<h2>Actions imm\u00e9diates pour votre recherche<\/h2>\n<p>Pour commencer votre qu\u00eate d\u2019une maison \u00e0 louer en France :<\/p>\n<ol>\n<li>Utilisez des plateformes d\u00e9di\u00e9es comme SeLoger ou Leboncoin.<\/li>\n<li>Inscrivez-vous aux alertes emails pour recevoir les nouvelles offres correspondant \u00e0 vos crit\u00e8res.<\/li>\n<li>Pr\u00e9parez vos documents (bulletins de salaire, avis d\u2019imposition) pour acc\u00e9l\u00e9rer le processus de location.<\/li>\n<\/ol>\n<h2>FAQ sur la location de maisons en France<\/h2>\n<h3>Quels sont les documents n\u00e9cessaires pour louer une maison en France ?<\/h3>\n<p>G\u00e9n\u00e9ralement, il faut fournir un dossier comprenant des justificatifs d\u2019identit\u00e9, des fiches de paie, un contrat de travail et \u00e9ventuellement un garant.<\/p>\n<h3>Comment n\u00e9gocier le loyer d\u2019une maison ?<\/h3>\n<p>Vous pouvez discuter du loyer avec le propri\u00e9taire en vous basant sur des comparaisons avec d\u2019autres maisons similaires dans le quartier.<\/p>\n<h3>Quelles sont les charges suppl\u00e9mentaires li\u00e9es \u00e0 la location ?<\/h3>\n<p>En plus du loyer, attendez-vous \u00e0 payer des charges comme l\u2019eau, l\u2019\u00e9lectricit\u00e9, l\u2019entretien du jardin si applicable et parfois des frais li\u00e9s aux services communs dans certains quartiers.<\/p>\n<h3>Est-il possible de sous-louer une maison ?<\/h3>\n<p>La sous-location est g\u00e9n\u00e9ralement interdite sans l\u2019accord explicite du propri\u00e9taire. V\u00e9rifiez toujours votre contrat avant toute d\u00e9marche.<\/p>\n<h3>Quel est le d\u00e9lai moyen pour trouver une maison \u00e0 louer ?<\/h3>\n<p>Cela d\u00e9pend fortement du march\u00e9 local, mais comptez entre quelques jours et plusieurs semaines selon la demande dans la r\u00e9gion choisie.<\/p>\n<h3>Quelles sont les tendances actuelles du march\u00e9 locatif ?<\/h3>\n<p>En 2026, on observe une augmentation des locations saisonni\u00e8res ainsi qu\u2019une pr\u00e9f\u00e9rence croissante pour des logements \u00e9co-responsables.<\/p>\n<p>Explorez ces pistes pour maximiser vos chances de d\u00e9nicher la maison id\u00e9ale qui correspondra parfaitement \u00e0 vos attentes !<\/p>\n","protected":false},"excerpt":{"rendered":"","protected":false},"author":34,"featured_media":999999999,"comment_status":"open","ping_status":"open","sticky":false,"template":"","format":"standard","meta":{"_acf_changed":false,"manual_indexmenow":false,"indexmenow_id_project":0,"footnotes":""},"categories":[4822],"tags":[],"class_list":["post-7809","post","type-post","status-publish","format-standard","has-post-thumbnail","hentry","category-immobilier","generate-columns","tablet-grid-50","mobile-grid-100","grid-parent","grid-25"],"acf":[],"yoast_head":"<!-- This site is optimized with the Yoast SEO Premium plugin v21.3 (Yoast SEO v26.5) - https:\/\/yoast.com\/wordpress\/plugins\/seo\/ -->\n<title>Maison \u00e0 louer France : 1000+ offres 2026<\/title>\n<meta name=\"description\" content=\"En 2026, le march\u00e9 de la location de maisons en France se diversifie consid\u00e9rablement, offrant plus de 1000 options aux internautes \u00e0 la recherche d&#039;un\u2026\" \/>\n<meta name=\"robots\" content=\"index, follow, max-snippet:-1, max-image-preview:large, max-video-preview:-1\" \/>\n<link rel=\"canonical\" href=\"https:\/\/location-lac-annecy.fr\/blog\/immobilier\/maison-a-louer-france\/\" \/>\n<meta property=\"og:locale\" content=\"fr_FR\" \/>\n<meta property=\"og:type\" content=\"article\" \/>\n<meta property=\"og:title\" content=\"Maison \u00e0 louer France : 1000+ offres 2026\" \/>\n<meta property=\"og:description\" content=\"En 2026, le march\u00e9 de la location de maisons en France se diversifie consid\u00e9rablement, offrant plus de 1000 options aux internautes \u00e0 la recherche d&#039;un\u2026\" \/>\n<meta property=\"og:url\" content=\"https:\/\/location-lac-annecy.fr\/blog\/immobilier\/maison-a-louer-france\/\" \/>\n<meta property=\"og:site_name\" content=\"location-lac-annecy\" \/>\n<meta name=\"author\" content=\"Camille Rouvray\" \/>\n<meta name=\"twitter:card\" content=\"summary_large_image\" \/>\n<script type=\"application\/ld+json\" class=\"yoast-schema-graph\">{\"@context\":\"https:\/\/schema.org\",\"@graph\":[{\"@type\":\"NewsArticle\",\"@id\":\"https:\/\/location-lac-annecy.fr\/blog\/immobilier\/maison-a-louer-france\/#article\",\"isPartOf\":{\"@id\":\"https:\/\/location-lac-annecy.fr\/blog\/immobilier\/maison-a-louer-france\/\"},\"author\":{\"name\":\"Camille Rouvray\",\"@id\":\"https:\/\/location-lac-annecy.fr\/blog\/#\/schema\/person\/3c864cdc320801e3db34b663e7e3f816\"},\"headline\":\"Maison \u00e0 louer France : 1000+ offres 2026\",\"datePublished\":\"2026-07-14T09:00:00+00:00\",\"mainEntityOfPage\":{\"@id\":\"https:\/\/location-lac-annecy.fr\/blog\/immobilier\/maison-a-louer-france\/\"},\"wordCount\":666,\"commentCount\":0,\"publisher\":{\"@id\":\"https:\/\/location-lac-annecy.fr\/blog\/#organization\"},\"image\":{\"@id\":\"https:\/\/location-lac-annecy.fr\/blog\/immobilier\/maison-a-louer-france\/#primaryimage\"},\"thumbnailUrl\":\"https:\/\/images.pexels.com\/photos\/31406342\/pexels-photo-31406342.jpeg?auto=compress&cs=tinysrgb&fit=crop&h=627&w=1200\",\"articleSection\":[\"Immobilier\"],\"inLanguage\":\"fr-FR\",\"potentialAction\":[{\"@type\":\"CommentAction\",\"name\":\"Comment\",\"target\":[\"https:\/\/location-lac-annecy.fr\/blog\/immobilier\/maison-a-louer-france\/#respond\"]}]},{\"@type\":\"WebPage\",\"@id\":\"https:\/\/location-lac-annecy.fr\/blog\/immobilier\/maison-a-louer-france\/\",\"url\":\"https:\/\/location-lac-annecy.fr\/blog\/immobilier\/maison-a-louer-france\/\",\"name\":\"Maison \u00e0 louer France : 1000+ offres 2026\",\"isPartOf\":{\"@id\":\"https:\/\/location-lac-annecy.fr\/blog\/#website\"},\"primaryImageOfPage\":{\"@id\":\"https:\/\/location-lac-annecy.fr\/blog\/immobilier\/maison-a-louer-france\/#primaryimage\"},\"image\":{\"@id\":\"https:\/\/location-lac-annecy.fr\/blog\/immobilier\/maison-a-louer-france\/#primaryimage\"},\"thumbnailUrl\":\"https:\/\/images.pexels.com\/photos\/31406342\/pexels-photo-31406342.jpeg?auto=compress&cs=tinysrgb&fit=crop&h=627&w=1200\",\"datePublished\":\"2026-07-14T09:00:00+00:00\",\"description\":\"En 2026, le march\u00e9 de la location de maisons en France se diversifie consid\u00e9rablement, offrant plus de 1000 options aux internautes \u00e0 la recherche d'un\u2026\",\"inLanguage\":\"fr-FR\",\"potentialAction\":[{\"@type\":\"ReadAction\",\"target\":[\"https:\/\/location-lac-annecy.fr\/blog\/immobilier\/maison-a-louer-france\/\"]}]},{\"@type\":\"ImageObject\",\"inLanguage\":\"fr-FR\",\"@id\":\"https:\/\/location-lac-annecy.fr\/blog\/immobilier\/maison-a-louer-france\/#primaryimage\",\"url\":\"https:\/\/images.pexels.com\/photos\/31406342\/pexels-photo-31406342.jpeg?auto=compress&cs=tinysrgb&fit=crop&h=627&w=1200\",\"contentUrl\":\"https:\/\/images.pexels.com\/photos\/31406342\/pexels-photo-31406342.jpeg?auto=compress&cs=tinysrgb&fit=crop&h=627&w=1200\"},{\"@type\":\"WebSite\",\"@id\":\"https:\/\/location-lac-annecy.fr\/blog\/#website\",\"url\":\"https:\/\/location-lac-annecy.fr\/blog\/\",\"name\":\"Lac d\\\\u2019Annecy\",\"description\":\"D\u00e9couvrez Annecy, vivez l\u2019exception.\",\"publisher\":{\"@id\":\"https:\/\/location-lac-annecy.fr\/blog\/#organization\"},\"alternateName\":\"D\u00e9couvrez Annecy, vivez l\u2019exception.\",\"potentialAction\":[{\"@type\":\"SearchAction\",\"target\":{\"@type\":\"EntryPoint\",\"urlTemplate\":\"https:\/\/location-lac-annecy.fr\/blog\/?s={search_term_string}\"},\"query-input\":{\"@type\":\"PropertyValueSpecification\",\"valueRequired\":true,\"valueName\":\"search_term_string\"}}],\"inLanguage\":\"fr-FR\"},{\"@type\":[\"Organization\",\"NewsMediaOrganization\"],\"@id\":\"https:\/\/location-lac-annecy.fr\/blog\/#organization\",\"name\":\"Lac d\\\\u2019Annecy\",\"alternateName\":\"Lac d\\\\u2019Annecy \u2014 Le carnet du territoire\",\"url\":\"https:\/\/location-lac-annecy.fr\/blog\/\",\"logo\":{\"@type\":\"ImageObject\",\"inLanguage\":\"fr-FR\",\"@id\":\"https:\/\/location-lac-annecy.fr\/blog\/#\/schema\/logo\/image\/\",\"url\":\"https:\/\/location-lac-annecy.fr\/blog\/wp-content\/uploads\/2024\/12\/cropped-Location-Lac-Annecy.png\",\"contentUrl\":\"https:\/\/location-lac-annecy.fr\/blog\/wp-content\/uploads\/2024\/12\/cropped-Location-Lac-Annecy.png\",\"width\":500,\"height\":348,\"caption\":\"Lac d\\\\u2019Annecy\"},\"image\":{\"@id\":\"https:\/\/location-lac-annecy.fr\/blog\/#\/schema\/logo\/image\/\"},\"publishingPrinciples\":\"https:\/\/location-lac-annecy.fr\/blog\/charte-editoriale\/\",\"ethicsPolicy\":\"https:\/\/location-lac-annecy.fr\/blog\/charte-editoriale\/\",\"actionableFeedbackPolicy\":\"https:\/\/location-lac-annecy.fr\/blog\/contact\/\",\"foundingDate\":\"2024-12-01\"},{\"@type\":\"Person\",\"@id\":\"https:\/\/location-lac-annecy.fr\/blog\/#\/schema\/person\/3c864cdc320801e3db34b663e7e3f816\",\"name\":\"Camille Rouvray\",\"image\":{\"@type\":\"ImageObject\",\"inLanguage\":\"fr-FR\",\"@id\":\"https:\/\/location-lac-annecy.fr\/blog\/#\/schema\/person\/image\/\",\"url\":\"https:\/\/location-lac-annecy.fr\/blog\/wp-content\/uploads\/2026\/06\/persona_camille-r-96x96.jpg\",\"contentUrl\":\"https:\/\/location-lac-annecy.fr\/blog\/wp-content\/uploads\/2026\/06\/persona_camille-r-96x96.jpg\",\"caption\":\"Camille Rouvray\"},\"description\":\"Je voyage et j'\u00e9cris sur le voyage depuis une douzaine d'ann\u00e9es, d'abord en tant que routarde au long cours, puis comme r\u00e9dactrice sp\u00e9cialis\u00e9e. Mon terrain de pr\u00e9dilection, ce sont les circuits organis\u00e9s et l'art de bien pr\u00e9parer un itin\u00e9raire : choix de la saison, dur\u00e9e r\u00e9aliste des \u00e9tapes, budget jour par jour, logement et transport sur place. J'aime aussi raconter les p\u00e9pites urbaines, ces adresses qu'on ne trouve pas dans les guides classiques. Avant de publier un dossier destination, je croise toujours plusieurs sources, je v\u00e9rifie les tarifs et les formalit\u00e9s d'entr\u00e9e \u00e0 jour, et je teste moi-m\u00eame quand je le peux. Mon angle reste pratique avant tout : aider le lecteur \u00e0 partir l'esprit tranquille, sans mauvaise surprise une fois sur place. Je m'attache \u00e0 distinguer le coup de c\u0153ur sinc\u00e8re du simple argument marketing.\",\"sameAs\":[\"https:\/\/camillerouvray.fr\/\"],\"url\":\"https:\/\/location-lac-annecy.fr\/blog\/auteur\/noname\/\"}]}<\/script>\n<!-- \/ Yoast SEO Premium plugin. -->","yoast_head_json":{"title":"Maison \u00e0 louer France : 1000+ offres 2026","description":"En 2026, le march\u00e9 de la location de maisons en France se diversifie consid\u00e9rablement, offrant plus de 1000 options aux internautes \u00e0 la recherche d'un\u2026","robots":{"index":"index","follow":"follow","max-snippet":"max-snippet:-1","max-image-preview":"max-image-preview:large","max-video-preview":"max-video-preview:-1"},"canonical":"https:\/\/location-lac-annecy.fr\/blog\/immobilier\/maison-a-louer-france\/","og_locale":"fr_FR","og_type":"article","og_title":"Maison \u00e0 louer France : 1000+ offres 2026","og_description":"En 2026, le march\u00e9 de la location de maisons en France se diversifie consid\u00e9rablement, offrant plus de 1000 options aux internautes \u00e0 la recherche d'un\u2026","og_url":"https:\/\/location-lac-annecy.fr\/blog\/immobilier\/maison-a-louer-france\/","og_site_name":"location-lac-annecy","author":"Camille Rouvray","twitter_card":"summary_large_image","schema":{"@context":"https:\/\/schema.org","@graph":[{"@type":"NewsArticle","@id":"https:\/\/location-lac-annecy.fr\/blog\/immobilier\/maison-a-louer-france\/#article","isPartOf":{"@id":"https:\/\/location-lac-annecy.fr\/blog\/immobilier\/maison-a-louer-france\/"},"author":{"name":"Camille Rouvray","@id":"https:\/\/location-lac-annecy.fr\/blog\/#\/schema\/person\/3c864cdc320801e3db34b663e7e3f816"},"headline":"Maison \u00e0 louer France : 1000+ offres 2026","datePublished":"2026-07-14T09:00:00+00:00","mainEntityOfPage":{"@id":"https:\/\/location-lac-annecy.fr\/blog\/immobilier\/maison-a-louer-france\/"},"wordCount":666,"commentCount":0,"publisher":{"@id":"https:\/\/location-lac-annecy.fr\/blog\/#organization"},"image":{"@id":"https:\/\/location-lac-annecy.fr\/blog\/immobilier\/maison-a-louer-france\/#primaryimage"},"thumbnailUrl":"https:\/\/images.pexels.com\/photos\/31406342\/pexels-photo-31406342.jpeg?auto=compress&cs=tinysrgb&fit=crop&h=627&w=1200","articleSection":["Immobilier"],"inLanguage":"fr-FR","potentialAction":[{"@type":"CommentAction","name":"Comment","target":["https:\/\/location-lac-annecy.fr\/blog\/immobilier\/maison-a-louer-france\/#respond"]}]},{"@type":"WebPage","@id":"https:\/\/location-lac-annecy.fr\/blog\/immobilier\/maison-a-louer-france\/","url":"https:\/\/location-lac-annecy.fr\/blog\/immobilier\/maison-a-louer-france\/","name":"Maison \u00e0 louer France : 1000+ offres 2026","isPartOf":{"@id":"https:\/\/location-lac-annecy.fr\/blog\/#website"},"primaryImageOfPage":{"@id":"https:\/\/location-lac-annecy.fr\/blog\/immobilier\/maison-a-louer-france\/#primaryimage"},"image":{"@id":"https:\/\/location-lac-annecy.fr\/blog\/immobilier\/maison-a-louer-france\/#primaryimage"},"thumbnailUrl":"https:\/\/images.pexels.com\/photos\/31406342\/pexels-photo-31406342.jpeg?auto=compress&cs=tinysrgb&fit=crop&h=627&w=1200","datePublished":"2026-07-14T09:00:00+00:00","description":"En 2026, le march\u00e9 de la location de maisons en France se diversifie consid\u00e9rablement, offrant plus de 1000 options aux internautes \u00e0 la recherche d'un\u2026","inLanguage":"fr-FR","potentialAction":[{"@type":"ReadAction","target":["https:\/\/location-lac-annecy.fr\/blog\/immobilier\/maison-a-louer-france\/"]}]},{"@type":"ImageObject","inLanguage":"fr-FR","@id":"https:\/\/location-lac-annecy.fr\/blog\/immobilier\/maison-a-louer-france\/#primaryimage","url":"https:\/\/images.pexels.com\/photos\/31406342\/pexels-photo-31406342.jpeg?auto=compress&cs=tinysrgb&fit=crop&h=627&w=1200","contentUrl":"https:\/\/images.pexels.com\/photos\/31406342\/pexels-photo-31406342.jpeg?auto=compress&cs=tinysrgb&fit=crop&h=627&w=1200"},{"@type":"WebSite","@id":"https:\/\/location-lac-annecy.fr\/blog\/#website","url":"https:\/\/location-lac-annecy.fr\/blog\/","name":"Lac d\\u2019Annecy","description":"D\u00e9couvrez Annecy, vivez l\u2019exception.","publisher":{"@id":"https:\/\/location-lac-annecy.fr\/blog\/#organization"},"alternateName":"D\u00e9couvrez Annecy, vivez l\u2019exception.","potentialAction":[{"@type":"SearchAction","target":{"@type":"EntryPoint","urlTemplate":"https:\/\/location-lac-annecy.fr\/blog\/?s={search_term_string}"},"query-input":{"@type":"PropertyValueSpecification","valueRequired":true,"valueName":"search_term_string"}}],"inLanguage":"fr-FR"},{"@type":["Organization","NewsMediaOrganization"],"@id":"https:\/\/location-lac-annecy.fr\/blog\/#organization","name":"Lac d\\u2019Annecy","alternateName":"Lac d\\u2019Annecy \u2014 Le carnet du territoire","url":"https:\/\/location-lac-annecy.fr\/blog\/","logo":{"@type":"ImageObject","inLanguage":"fr-FR","@id":"https:\/\/location-lac-annecy.fr\/blog\/#\/schema\/logo\/image\/","url":"https:\/\/location-lac-annecy.fr\/blog\/wp-content\/uploads\/2024\/12\/cropped-Location-Lac-Annecy.png","contentUrl":"https:\/\/location-lac-annecy.fr\/blog\/wp-content\/uploads\/2024\/12\/cropped-Location-Lac-Annecy.png","width":500,"height":348,"caption":"Lac d\\u2019Annecy"},"image":{"@id":"https:\/\/location-lac-annecy.fr\/blog\/#\/schema\/logo\/image\/"},"publishingPrinciples":"https:\/\/location-lac-annecy.fr\/blog\/charte-editoriale\/","ethicsPolicy":"https:\/\/location-lac-annecy.fr\/blog\/charte-editoriale\/","actionableFeedbackPolicy":"https:\/\/location-lac-annecy.fr\/blog\/contact\/","foundingDate":"2024-12-01"},{"@type":"Person","@id":"https:\/\/location-lac-annecy.fr\/blog\/#\/schema\/person\/3c864cdc320801e3db34b663e7e3f816","name":"Camille Rouvray","image":{"@type":"ImageObject","inLanguage":"fr-FR","@id":"https:\/\/location-lac-annecy.fr\/blog\/#\/schema\/person\/image\/","url":"https:\/\/location-lac-annecy.fr\/blog\/wp-content\/uploads\/2026\/06\/persona_camille-r-96x96.jpg","contentUrl":"https:\/\/location-lac-annecy.fr\/blog\/wp-content\/uploads\/2026\/06\/persona_camille-r-96x96.jpg","caption":"Camille Rouvray"},"description":"Je voyage et j'\u00e9cris sur le voyage depuis une douzaine d'ann\u00e9es, d'abord en tant que routarde au long cours, puis comme r\u00e9dactrice sp\u00e9cialis\u00e9e. Mon terrain de pr\u00e9dilection, ce sont les circuits organis\u00e9s et l'art de bien pr\u00e9parer un itin\u00e9raire : choix de la saison, dur\u00e9e r\u00e9aliste des \u00e9tapes, budget jour par jour, logement et transport sur place. J'aime aussi raconter les p\u00e9pites urbaines, ces adresses qu'on ne trouve pas dans les guides classiques. Avant de publier un dossier destination, je croise toujours plusieurs sources, je v\u00e9rifie les tarifs et les formalit\u00e9s d'entr\u00e9e \u00e0 jour, et je teste moi-m\u00eame quand je le peux. Mon angle reste pratique avant tout : aider le lecteur \u00e0 partir l'esprit tranquille, sans mauvaise surprise une fois sur place. Je m'attache \u00e0 distinguer le coup de c\u0153ur sinc\u00e8re du simple argument marketing.","sameAs":["https:\/\/camillerouvray.fr\/"],"url":"https:\/\/location-lac-annecy.fr\/blog\/auteur\/noname\/"}]}},"_links":{"self":[{"href":"https:\/\/location-lac-annecy.fr\/blog\/wp-json\/wp\/v2\/posts\/7809","targetHints":{"allow":["GET"]}}],"collection":[{"href":"https:\/\/location-lac-annecy.fr\/blog\/wp-json\/wp\/v2\/posts"}],"about":[{"href":"https:\/\/location-lac-annecy.fr\/blog\/wp-json\/wp\/v2\/types\/post"}],"author":[{"embeddable":true,"href":"https:\/\/location-lac-annecy.fr\/blog\/wp-json\/wp\/v2\/users\/34"}],"replies":[{"embeddable":true,"href":"https:\/\/location-lac-annecy.fr\/blog\/wp-json\/wp\/v2\/comments?post=7809"}],"version-history":[{"count":1,"href":"https:\/\/location-lac-annecy.fr\/blog\/wp-json\/wp\/v2\/posts\/7809\/revisions"}],"predecessor-version":[{"id":7963,"href":"https:\/\/location-lac-annecy.fr\/blog\/wp-json\/wp\/v2\/posts\/7809\/revisions\/7963"}],"wp:attachment":[{"href":"https:\/\/location-lac-annecy.fr\/blog\/wp-json\/wp\/v2\/media?parent=7809"}],"wp:term":[{"taxonomy":"category","embeddable":true,"href":"https:\/\/location-lac-annecy.fr\/blog\/wp-json\/wp\/v2\/categories?post=7809"},{"taxonomy":"post_tag","embeddable":true,"href":"https:\/\/location-lac-annecy.fr\/blog\/wp-json\/wp\/v2\/tags?post=7809"}],"curies":[{"name":"wp","href":"https:\/\/api.w.org\/{rel}","templated":true}]}}