{"id":7808,"date":"2026-07-13T09:00:00","date_gmt":"2026-07-13T09:00:00","guid":{"rendered":"https:\/\/location-lac-annecy.fr\/blog\/?p=7808"},"modified":"2026-07-13T09:00:00","modified_gmt":"2026-07-13T09:00:00","slug":"le-renard-dore","status":"publish","type":"post","link":"https:\/\/location-lac-annecy.fr\/blog\/articles\/le-renard-dore\/","title":{"rendered":"Le Renard Dor\u00e9 : Avis &#038; R\u00e9servation"},"content":{"rendered":"<p>Le Renard Dor\u00e9 est un \u00e9tablissement de restauration qui attire l\u2019attention des gourmets et des voyageurs en qu\u00eate d\u2019une exp\u00e9rience culinaire unique. Situ\u00e9 dans un cadre enchanteur, ce restaurant se distingue par sa cuisine raffin\u00e9e et son ambiance conviviale. Les internautes recherchent des informations sur les avis, les r\u00e9servations et les alternatives pour optimiser leur exp\u00e9rience culinaire. Cet article vous pr\u00e9sente une analyse comparative du Renard Dor\u00e9 avec d\u2019autres restaurants similaires pour vous aider \u00e0 faire le meilleur choix.<\/p>\n<h2>Pr\u00e9sentation du Renard Dor\u00e9<\/h2>\n<h3>Historique et concept<\/h3>\n<p>Le Renard Dor\u00e9 a ouvert ses portes en 2015 et s\u2019est rapidement impos\u00e9 comme une r\u00e9f\u00e9rence dans la gastronomie locale. Avec un menu qui \u00e9volue au gr\u00e9 des saisons, l\u2019\u00e9tablissement met en avant des produits frais et locaux. Son chef, form\u00e9 dans de prestigieuses cuisines, propose des plats inspir\u00e9s de la cuisine fran\u00e7aise traditionnelle avec une touche moderne.<\/p>\n<h3>Ambiance et d\u00e9coration<\/h3>\n<p>L\u2019int\u00e9rieur du restaurant m\u00e9lange \u00e9l\u00e9gance et confort. Les mat\u00e9riaux naturels, tels que le bois et la pierre, cr\u00e9ent une atmosph\u00e8re chaleureuse. Les tables sont espac\u00e9es pour garantir l\u2019intimit\u00e9 des convives tout en permettant une vue sur la cuisine ouverte.<\/p>\n<h2>Avis clients : ce qu\u2019en disent les gourmets<\/h2>\n<p>Les avis sur Le Renard Dor\u00e9 sont majoritairement positifs. Voici quelques statistiques r\u00e9centes :<\/p>\n<ul>\n<li><strong>Note moyenne<\/strong> : 4,7\/5 sur TripAdvisor<\/li>\n<li><strong>Pourcentage d\u2019avis positifs<\/strong> : 92%<\/li>\n<li><strong>Nombre total d\u2019avis<\/strong> : 1 200<\/li>\n<\/ul>\n<p>Les clients appr\u00e9cient particuli\u00e8rement la qualit\u00e9 des plats, le service attentionn\u00e9 et l\u2019ambiance agr\u00e9able. Cependant, certains avis mentionnent des prix \u00e9lev\u00e9s, surtout pour les menus d\u00e9gustation.<\/p>\n<h3>Comparaison avec d\u2019autres \u00e9tablissements<\/h3>\n<table class=\"kwdbank-table\">\n<thead>\n<tr>\n<th>Restaurant<\/th>\n<th>Note moyenne<\/th>\n<th>Prix moyen (menu)<\/th>\n<th>Type de cuisine<\/th>\n<\/tr>\n<\/thead>\n<tbody>\n<tr>\n<td>Le Renard Dor\u00e9<\/td>\n<td>4,7\/5<\/td>\n<td>50 \u20ac<\/td>\n<td>Fran\u00e7aise moderne<\/td>\n<\/tr>\n<tr>\n<td>La Table de Jules<\/td>\n<td>4,5\/5<\/td>\n<td>45 \u20ac<\/td>\n<td>Cuisine r\u00e9gionale<\/td>\n<\/tr>\n<tr>\n<td>L\u2019\u00c9toile Gourmande<\/td>\n<td>4,6\/5<\/td>\n<td>60 \u20ac<\/td>\n<td>Cuisine fusion<\/td>\n<\/tr>\n<\/tbody>\n<\/table>\n<h2>R\u00e9servation au Renard Dor\u00e9<\/h2>\n<h3>Comment r\u00e9server ?<\/h3>\n<p>Il est recommand\u00e9 de r\u00e9server \u00e0 l\u2019avance, surtout pendant les weekends ou les p\u00e9riodes de f\u00eates. Vous pouvez effectuer votre r\u00e9servation :<\/p>\n<ul>\n<li>En ligne via leur site web<\/li>\n<li>Par t\u00e9l\u00e9phone au num\u00e9ro indiqu\u00e9 sur leur page<\/li>\n<li>Via des plateformes de r\u00e9servation comme TheFork ou OpenTable<\/li>\n<\/ul>\n<h3>Conseils pour \u00e9viter les mauvaises surprises<\/h3>\n<p>Un pi\u00e8ge courant est d\u2019attendre le dernier moment pour r\u00e9server. Pour garantir votre table aux heures de pointe, il est conseill\u00e9 de r\u00e9server au moins une semaine \u00e0 l\u2019avance.<\/p>\n<h2>Alternatives au Renard Dor\u00e9<\/h2>\n<p>Si vous cherchez des options similaires \u00e0 explorer, voici quelques alternatives :<\/p>\n<ol>\n<li><strong>La Table de Jules<\/strong> : Situ\u00e9e \u00e0 proximit\u00e9, ce restaurant offre une cuisine r\u00e9gionale authentique avec un bon rapport qualit\u00e9-prix.<\/li>\n<li><strong>L\u2019\u00c9toile Gourmande<\/strong> : Pour ceux qui aiment la cuisine fusion avec une touche cr\u00e9ative.<\/li>\n<li><strong>Le Bistro du Parc<\/strong> : Un choix plus d\u00e9contract\u00e9 mais tout aussi savoureux, id\u00e9al pour un repas rapide sans compromettre la qualit\u00e9.<\/li>\n<\/ol>\n<h2>Les \u00e9v\u00e9nements sp\u00e9ciaux et offres saisonni\u00e8res<\/h2>\n<p>Le Renard Dor\u00e9 propose r\u00e9guli\u00e8rement des soir\u00e9es \u00e0 th\u00e8me ou des \u00e9v\u00e9nements culinaires sp\u00e9ciaux :<\/p>\n<ul>\n<li><strong>D\u00eener gastronomique<\/strong> : Un menu d\u00e9gustation en plusieurs services propos\u00e9 chaque mois.<\/li>\n<li><strong>Ateliers culinaires<\/strong> : Offerts aux amateurs qui souhaitent apprendre les techniques du chef.<\/li>\n<\/ul>\n<p>Ces \u00e9v\u00e9nements peuvent \u00eatre r\u00e9serv\u00e9s directement via leur site web ou en contactant le restaurant.<\/p>\n<h2>FAQ<\/h2>\n<h3>Quelles sont les horaires d\u2019ouverture du Renard Dor\u00e9 ?<\/h3>\n<p>Le restaurant est ouvert du mardi au dimanche, de 12h00 \u00e0 14h30 et de 19h00 \u00e0 22h30.<\/p>\n<h3>Faut-il un code vestimentaire pour le Renard Dor\u00e9 ?<\/h3>\n<p>Un code vestimentaire smart casual est recommand\u00e9, mais pas strictement impos\u00e9.<\/p>\n<h3>Peut-on organiser un \u00e9v\u00e9nement priv\u00e9 au Renard Dor\u00e9 ?<\/h3>\n<p>Oui, le restaurant dispose d\u2019un espace d\u00e9di\u00e9 aux \u00e9v\u00e9nements priv\u00e9s tels que mariages ou anniversaires.<\/p>\n<h3>Quels types de paiement sont accept\u00e9s ?<\/h3>\n<p>Le Renard Dor\u00e9 accepte les cartes bancaires ainsi que les paiements en esp\u00e8ces.<\/p>\n<h3>Y a-t-il un service v\u00e9g\u00e9tarien disponible ?<\/h3>\n<p>Oui, le menu inclut plusieurs options v\u00e9g\u00e9tariennes qui changent selon la saison.<\/p>\n<h3>Comment donner mon avis apr\u00e8s ma visite ?<\/h3>\n<p>Vous pouvez laisser votre avis sur TripAdvisor ou Google Maps apr\u00e8s votre exp\u00e9rience culinaire.<\/p>\n<p>Explorez Le Renard Dor\u00e9 pour savourer une exp\u00e9rience gastronomique m\u00e9morable !<\/p>\n","protected":false},"excerpt":{"rendered":"","protected":false},"author":34,"featured_media":999999999,"comment_status":"open","ping_status":"open","sticky":false,"template":"","format":"standard","meta":{"_acf_changed":false,"manual_indexmenow":false,"indexmenow_id_project":0,"footnotes":""},"categories":[4820],"tags":[],"class_list":["post-7808","post","type-post","status-publish","format-standard","has-post-thumbnail","hentry","category-articles","generate-columns","tablet-grid-50","mobile-grid-100","grid-parent","grid-25"],"acf":[],"yoast_head":"<!-- This site is optimized with the Yoast SEO Premium plugin v21.3 (Yoast SEO v26.5) - https:\/\/yoast.com\/wordpress\/plugins\/seo\/ -->\n<title>Le Renard Dor\u00e9 : Avis &amp; R\u00e9servation<\/title>\n<meta name=\"description\" content=\"Le Renard Dor\u00e9 est un \u00e9tablissement de restauration qui attire l&#039;attention des gourmets et des voyageurs en qu\u00eate d&#039;une exp\u00e9rience culinaire unique. Situ\u00e9\u2026\" \/>\n<meta name=\"robots\" content=\"index, follow, max-snippet:-1, max-image-preview:large, max-video-preview:-1\" \/>\n<link rel=\"canonical\" href=\"https:\/\/location-lac-annecy.fr\/blog\/articles\/le-renard-dore\/\" \/>\n<meta property=\"og:locale\" content=\"fr_FR\" \/>\n<meta property=\"og:type\" content=\"article\" \/>\n<meta property=\"og:title\" content=\"Le Renard Dor\u00e9 : Avis &amp; R\u00e9servation\" \/>\n<meta property=\"og:description\" content=\"Le Renard Dor\u00e9 est un \u00e9tablissement de restauration qui attire l&#039;attention des gourmets et des voyageurs en qu\u00eate d&#039;une exp\u00e9rience culinaire unique. Situ\u00e9\u2026\" \/>\n<meta property=\"og:url\" content=\"https:\/\/location-lac-annecy.fr\/blog\/articles\/le-renard-dore\/\" \/>\n<meta property=\"og:site_name\" content=\"location-lac-annecy\" \/>\n<meta name=\"author\" content=\"Camille Rouvray\" \/>\n<meta name=\"twitter:card\" content=\"summary_large_image\" \/>\n<script type=\"application\/ld+json\" class=\"yoast-schema-graph\">{\"@context\":\"https:\/\/schema.org\",\"@graph\":[{\"@type\":\"NewsArticle\",\"@id\":\"https:\/\/location-lac-annecy.fr\/blog\/articles\/le-renard-dore\/#article\",\"isPartOf\":{\"@id\":\"https:\/\/location-lac-annecy.fr\/blog\/articles\/le-renard-dore\/\"},\"author\":{\"name\":\"Camille Rouvray\",\"@id\":\"https:\/\/location-lac-annecy.fr\/blog\/#\/schema\/person\/3c864cdc320801e3db34b663e7e3f816\"},\"headline\":\"Le Renard Dor\u00e9 : Avis &#038; R\u00e9servation\",\"datePublished\":\"2026-07-13T09:00:00+00:00\",\"mainEntityOfPage\":{\"@id\":\"https:\/\/location-lac-annecy.fr\/blog\/articles\/le-renard-dore\/\"},\"wordCount\":708,\"commentCount\":0,\"publisher\":{\"@id\":\"https:\/\/location-lac-annecy.fr\/blog\/#organization\"},\"image\":{\"@id\":\"https:\/\/location-lac-annecy.fr\/blog\/articles\/le-renard-dore\/#primaryimage\"},\"thumbnailUrl\":\"https:\/\/images.pexels.com\/photos\/37157016\/pexels-photo-37157016.jpeg?auto=compress&cs=tinysrgb&fit=crop&h=627&w=1200\",\"articleSection\":[\"Articles\"],\"inLanguage\":\"fr-FR\",\"potentialAction\":[{\"@type\":\"CommentAction\",\"name\":\"Comment\",\"target\":[\"https:\/\/location-lac-annecy.fr\/blog\/articles\/le-renard-dore\/#respond\"]}]},{\"@type\":\"WebPage\",\"@id\":\"https:\/\/location-lac-annecy.fr\/blog\/articles\/le-renard-dore\/\",\"url\":\"https:\/\/location-lac-annecy.fr\/blog\/articles\/le-renard-dore\/\",\"name\":\"Le Renard Dor\u00e9 : Avis & R\u00e9servation\",\"isPartOf\":{\"@id\":\"https:\/\/location-lac-annecy.fr\/blog\/#website\"},\"primaryImageOfPage\":{\"@id\":\"https:\/\/location-lac-annecy.fr\/blog\/articles\/le-renard-dore\/#primaryimage\"},\"image\":{\"@id\":\"https:\/\/location-lac-annecy.fr\/blog\/articles\/le-renard-dore\/#primaryimage\"},\"thumbnailUrl\":\"https:\/\/images.pexels.com\/photos\/37157016\/pexels-photo-37157016.jpeg?auto=compress&cs=tinysrgb&fit=crop&h=627&w=1200\",\"datePublished\":\"2026-07-13T09:00:00+00:00\",\"description\":\"Le Renard Dor\u00e9 est un \u00e9tablissement de restauration qui attire l'attention des gourmets et des voyageurs en qu\u00eate d'une exp\u00e9rience culinaire unique. Situ\u00e9\u2026\",\"inLanguage\":\"fr-FR\",\"potentialAction\":[{\"@type\":\"ReadAction\",\"target\":[\"https:\/\/location-lac-annecy.fr\/blog\/articles\/le-renard-dore\/\"]}]},{\"@type\":\"ImageObject\",\"inLanguage\":\"fr-FR\",\"@id\":\"https:\/\/location-lac-annecy.fr\/blog\/articles\/le-renard-dore\/#primaryimage\",\"url\":\"https:\/\/images.pexels.com\/photos\/37157016\/pexels-photo-37157016.jpeg?auto=compress&cs=tinysrgb&fit=crop&h=627&w=1200\",\"contentUrl\":\"https:\/\/images.pexels.com\/photos\/37157016\/pexels-photo-37157016.jpeg?auto=compress&cs=tinysrgb&fit=crop&h=627&w=1200\"},{\"@type\":\"WebSite\",\"@id\":\"https:\/\/location-lac-annecy.fr\/blog\/#website\",\"url\":\"https:\/\/location-lac-annecy.fr\/blog\/\",\"name\":\"Lac d\\\\u2019Annecy\",\"description\":\"D\u00e9couvrez Annecy, vivez l\u2019exception.\",\"publisher\":{\"@id\":\"https:\/\/location-lac-annecy.fr\/blog\/#organization\"},\"alternateName\":\"D\u00e9couvrez Annecy, vivez l\u2019exception.\",\"potentialAction\":[{\"@type\":\"SearchAction\",\"target\":{\"@type\":\"EntryPoint\",\"urlTemplate\":\"https:\/\/location-lac-annecy.fr\/blog\/?s={search_term_string}\"},\"query-input\":{\"@type\":\"PropertyValueSpecification\",\"valueRequired\":true,\"valueName\":\"search_term_string\"}}],\"inLanguage\":\"fr-FR\"},{\"@type\":[\"Organization\",\"NewsMediaOrganization\"],\"@id\":\"https:\/\/location-lac-annecy.fr\/blog\/#organization\",\"name\":\"Lac d\\\\u2019Annecy\",\"alternateName\":\"Lac d\\\\u2019Annecy \u2014 Le carnet du territoire\",\"url\":\"https:\/\/location-lac-annecy.fr\/blog\/\",\"logo\":{\"@type\":\"ImageObject\",\"inLanguage\":\"fr-FR\",\"@id\":\"https:\/\/location-lac-annecy.fr\/blog\/#\/schema\/logo\/image\/\",\"url\":\"https:\/\/location-lac-annecy.fr\/blog\/wp-content\/uploads\/2024\/12\/cropped-Location-Lac-Annecy.png\",\"contentUrl\":\"https:\/\/location-lac-annecy.fr\/blog\/wp-content\/uploads\/2024\/12\/cropped-Location-Lac-Annecy.png\",\"width\":500,\"height\":348,\"caption\":\"Lac d\\\\u2019Annecy\"},\"image\":{\"@id\":\"https:\/\/location-lac-annecy.fr\/blog\/#\/schema\/logo\/image\/\"},\"publishingPrinciples\":\"https:\/\/location-lac-annecy.fr\/blog\/charte-editoriale\/\",\"ethicsPolicy\":\"https:\/\/location-lac-annecy.fr\/blog\/charte-editoriale\/\",\"actionableFeedbackPolicy\":\"https:\/\/location-lac-annecy.fr\/blog\/contact\/\",\"foundingDate\":\"2024-12-01\"},{\"@type\":\"Person\",\"@id\":\"https:\/\/location-lac-annecy.fr\/blog\/#\/schema\/person\/3c864cdc320801e3db34b663e7e3f816\",\"name\":\"Camille Rouvray\",\"image\":{\"@type\":\"ImageObject\",\"inLanguage\":\"fr-FR\",\"@id\":\"https:\/\/location-lac-annecy.fr\/blog\/#\/schema\/person\/image\/\",\"url\":\"https:\/\/location-lac-annecy.fr\/blog\/wp-content\/uploads\/2026\/06\/persona_camille-r-96x96.jpg\",\"contentUrl\":\"https:\/\/location-lac-annecy.fr\/blog\/wp-content\/uploads\/2026\/06\/persona_camille-r-96x96.jpg\",\"caption\":\"Camille Rouvray\"},\"description\":\"Je voyage et j'\u00e9cris sur le voyage depuis une douzaine d'ann\u00e9es, d'abord en tant que routarde au long cours, puis comme r\u00e9dactrice sp\u00e9cialis\u00e9e. Mon terrain de pr\u00e9dilection, ce sont les circuits organis\u00e9s et l'art de bien pr\u00e9parer un itin\u00e9raire : choix de la saison, dur\u00e9e r\u00e9aliste des \u00e9tapes, budget jour par jour, logement et transport sur place. J'aime aussi raconter les p\u00e9pites urbaines, ces adresses qu'on ne trouve pas dans les guides classiques. Avant de publier un dossier destination, je croise toujours plusieurs sources, je v\u00e9rifie les tarifs et les formalit\u00e9s d'entr\u00e9e \u00e0 jour, et je teste moi-m\u00eame quand je le peux. Mon angle reste pratique avant tout : aider le lecteur \u00e0 partir l'esprit tranquille, sans mauvaise surprise une fois sur place. Je m'attache \u00e0 distinguer le coup de c\u0153ur sinc\u00e8re du simple argument marketing.\",\"sameAs\":[\"https:\/\/camillerouvray.fr\/\"],\"url\":\"https:\/\/location-lac-annecy.fr\/blog\/auteur\/noname\/\"}]}<\/script>\n<!-- \/ Yoast SEO Premium plugin. -->","yoast_head_json":{"title":"Le Renard Dor\u00e9 : Avis & R\u00e9servation","description":"Le Renard Dor\u00e9 est un \u00e9tablissement de restauration qui attire l'attention des gourmets et des voyageurs en qu\u00eate d'une exp\u00e9rience culinaire unique. Situ\u00e9\u2026","robots":{"index":"index","follow":"follow","max-snippet":"max-snippet:-1","max-image-preview":"max-image-preview:large","max-video-preview":"max-video-preview:-1"},"canonical":"https:\/\/location-lac-annecy.fr\/blog\/articles\/le-renard-dore\/","og_locale":"fr_FR","og_type":"article","og_title":"Le Renard Dor\u00e9 : Avis & R\u00e9servation","og_description":"Le Renard Dor\u00e9 est un \u00e9tablissement de restauration qui attire l'attention des gourmets et des voyageurs en qu\u00eate d'une exp\u00e9rience culinaire unique. Situ\u00e9\u2026","og_url":"https:\/\/location-lac-annecy.fr\/blog\/articles\/le-renard-dore\/","og_site_name":"location-lac-annecy","author":"Camille Rouvray","twitter_card":"summary_large_image","schema":{"@context":"https:\/\/schema.org","@graph":[{"@type":"NewsArticle","@id":"https:\/\/location-lac-annecy.fr\/blog\/articles\/le-renard-dore\/#article","isPartOf":{"@id":"https:\/\/location-lac-annecy.fr\/blog\/articles\/le-renard-dore\/"},"author":{"name":"Camille Rouvray","@id":"https:\/\/location-lac-annecy.fr\/blog\/#\/schema\/person\/3c864cdc320801e3db34b663e7e3f816"},"headline":"Le Renard Dor\u00e9 : Avis &#038; R\u00e9servation","datePublished":"2026-07-13T09:00:00+00:00","mainEntityOfPage":{"@id":"https:\/\/location-lac-annecy.fr\/blog\/articles\/le-renard-dore\/"},"wordCount":708,"commentCount":0,"publisher":{"@id":"https:\/\/location-lac-annecy.fr\/blog\/#organization"},"image":{"@id":"https:\/\/location-lac-annecy.fr\/blog\/articles\/le-renard-dore\/#primaryimage"},"thumbnailUrl":"https:\/\/images.pexels.com\/photos\/37157016\/pexels-photo-37157016.jpeg?auto=compress&cs=tinysrgb&fit=crop&h=627&w=1200","articleSection":["Articles"],"inLanguage":"fr-FR","potentialAction":[{"@type":"CommentAction","name":"Comment","target":["https:\/\/location-lac-annecy.fr\/blog\/articles\/le-renard-dore\/#respond"]}]},{"@type":"WebPage","@id":"https:\/\/location-lac-annecy.fr\/blog\/articles\/le-renard-dore\/","url":"https:\/\/location-lac-annecy.fr\/blog\/articles\/le-renard-dore\/","name":"Le Renard Dor\u00e9 : Avis & R\u00e9servation","isPartOf":{"@id":"https:\/\/location-lac-annecy.fr\/blog\/#website"},"primaryImageOfPage":{"@id":"https:\/\/location-lac-annecy.fr\/blog\/articles\/le-renard-dore\/#primaryimage"},"image":{"@id":"https:\/\/location-lac-annecy.fr\/blog\/articles\/le-renard-dore\/#primaryimage"},"thumbnailUrl":"https:\/\/images.pexels.com\/photos\/37157016\/pexels-photo-37157016.jpeg?auto=compress&cs=tinysrgb&fit=crop&h=627&w=1200","datePublished":"2026-07-13T09:00:00+00:00","description":"Le Renard Dor\u00e9 est un \u00e9tablissement de restauration qui attire l'attention des gourmets et des voyageurs en qu\u00eate d'une exp\u00e9rience culinaire unique. Situ\u00e9\u2026","inLanguage":"fr-FR","potentialAction":[{"@type":"ReadAction","target":["https:\/\/location-lac-annecy.fr\/blog\/articles\/le-renard-dore\/"]}]},{"@type":"ImageObject","inLanguage":"fr-FR","@id":"https:\/\/location-lac-annecy.fr\/blog\/articles\/le-renard-dore\/#primaryimage","url":"https:\/\/images.pexels.com\/photos\/37157016\/pexels-photo-37157016.jpeg?auto=compress&cs=tinysrgb&fit=crop&h=627&w=1200","contentUrl":"https:\/\/images.pexels.com\/photos\/37157016\/pexels-photo-37157016.jpeg?auto=compress&cs=tinysrgb&fit=crop&h=627&w=1200"},{"@type":"WebSite","@id":"https:\/\/location-lac-annecy.fr\/blog\/#website","url":"https:\/\/location-lac-annecy.fr\/blog\/","name":"Lac d\\u2019Annecy","description":"D\u00e9couvrez Annecy, vivez l\u2019exception.","publisher":{"@id":"https:\/\/location-lac-annecy.fr\/blog\/#organization"},"alternateName":"D\u00e9couvrez Annecy, vivez l\u2019exception.","potentialAction":[{"@type":"SearchAction","target":{"@type":"EntryPoint","urlTemplate":"https:\/\/location-lac-annecy.fr\/blog\/?s={search_term_string}"},"query-input":{"@type":"PropertyValueSpecification","valueRequired":true,"valueName":"search_term_string"}}],"inLanguage":"fr-FR"},{"@type":["Organization","NewsMediaOrganization"],"@id":"https:\/\/location-lac-annecy.fr\/blog\/#organization","name":"Lac d\\u2019Annecy","alternateName":"Lac d\\u2019Annecy \u2014 Le carnet du territoire","url":"https:\/\/location-lac-annecy.fr\/blog\/","logo":{"@type":"ImageObject","inLanguage":"fr-FR","@id":"https:\/\/location-lac-annecy.fr\/blog\/#\/schema\/logo\/image\/","url":"https:\/\/location-lac-annecy.fr\/blog\/wp-content\/uploads\/2024\/12\/cropped-Location-Lac-Annecy.png","contentUrl":"https:\/\/location-lac-annecy.fr\/blog\/wp-content\/uploads\/2024\/12\/cropped-Location-Lac-Annecy.png","width":500,"height":348,"caption":"Lac d\\u2019Annecy"},"image":{"@id":"https:\/\/location-lac-annecy.fr\/blog\/#\/schema\/logo\/image\/"},"publishingPrinciples":"https:\/\/location-lac-annecy.fr\/blog\/charte-editoriale\/","ethicsPolicy":"https:\/\/location-lac-annecy.fr\/blog\/charte-editoriale\/","actionableFeedbackPolicy":"https:\/\/location-lac-annecy.fr\/blog\/contact\/","foundingDate":"2024-12-01"},{"@type":"Person","@id":"https:\/\/location-lac-annecy.fr\/blog\/#\/schema\/person\/3c864cdc320801e3db34b663e7e3f816","name":"Camille Rouvray","image":{"@type":"ImageObject","inLanguage":"fr-FR","@id":"https:\/\/location-lac-annecy.fr\/blog\/#\/schema\/person\/image\/","url":"https:\/\/location-lac-annecy.fr\/blog\/wp-content\/uploads\/2026\/06\/persona_camille-r-96x96.jpg","contentUrl":"https:\/\/location-lac-annecy.fr\/blog\/wp-content\/uploads\/2026\/06\/persona_camille-r-96x96.jpg","caption":"Camille Rouvray"},"description":"Je voyage et j'\u00e9cris sur le voyage depuis une douzaine d'ann\u00e9es, d'abord en tant que routarde au long cours, puis comme r\u00e9dactrice sp\u00e9cialis\u00e9e. Mon terrain de pr\u00e9dilection, ce sont les circuits organis\u00e9s et l'art de bien pr\u00e9parer un itin\u00e9raire : choix de la saison, dur\u00e9e r\u00e9aliste des \u00e9tapes, budget jour par jour, logement et transport sur place. J'aime aussi raconter les p\u00e9pites urbaines, ces adresses qu'on ne trouve pas dans les guides classiques. Avant de publier un dossier destination, je croise toujours plusieurs sources, je v\u00e9rifie les tarifs et les formalit\u00e9s d'entr\u00e9e \u00e0 jour, et je teste moi-m\u00eame quand je le peux. Mon angle reste pratique avant tout : aider le lecteur \u00e0 partir l'esprit tranquille, sans mauvaise surprise une fois sur place. Je m'attache \u00e0 distinguer le coup de c\u0153ur sinc\u00e8re du simple argument marketing.","sameAs":["https:\/\/camillerouvray.fr\/"],"url":"https:\/\/location-lac-annecy.fr\/blog\/auteur\/noname\/"}]}},"_links":{"self":[{"href":"https:\/\/location-lac-annecy.fr\/blog\/wp-json\/wp\/v2\/posts\/7808","targetHints":{"allow":["GET"]}}],"collection":[{"href":"https:\/\/location-lac-annecy.fr\/blog\/wp-json\/wp\/v2\/posts"}],"about":[{"href":"https:\/\/location-lac-annecy.fr\/blog\/wp-json\/wp\/v2\/types\/post"}],"author":[{"embeddable":true,"href":"https:\/\/location-lac-annecy.fr\/blog\/wp-json\/wp\/v2\/users\/34"}],"replies":[{"embeddable":true,"href":"https:\/\/location-lac-annecy.fr\/blog\/wp-json\/wp\/v2\/comments?post=7808"}],"version-history":[{"count":1,"href":"https:\/\/location-lac-annecy.fr\/blog\/wp-json\/wp\/v2\/posts\/7808\/revisions"}],"predecessor-version":[{"id":7962,"href":"https:\/\/location-lac-annecy.fr\/blog\/wp-json\/wp\/v2\/posts\/7808\/revisions\/7962"}],"wp:attachment":[{"href":"https:\/\/location-lac-annecy.fr\/blog\/wp-json\/wp\/v2\/media?parent=7808"}],"wp:term":[{"taxonomy":"category","embeddable":true,"href":"https:\/\/location-lac-annecy.fr\/blog\/wp-json\/wp\/v2\/categories?post=7808"},{"taxonomy":"post_tag","embeddable":true,"href":"https:\/\/location-lac-annecy.fr\/blog\/wp-json\/wp\/v2\/tags?post=7808"}],"curies":[{"name":"wp","href":"https:\/\/api.w.org\/{rel}","templated":true}]}}