{"id":7360,"date":"2025-02-08T12:20:00","date_gmt":"2025-02-08T11:20:00","guid":{"rendered":"https:\/\/location-lac-annecy.fr\/blog\/?p=7360"},"modified":"2025-02-08T11:26:18","modified_gmt":"2025-02-08T10:26:18","slug":"a-la-decouverte-des-canards-du-lac-dannecy-un-tresor-naturel-a-proteger","status":"publish","type":"post","link":"https:\/\/location-lac-annecy.fr\/blog\/a-la-une\/a-la-decouverte-des-canards-du-lac-dannecy-un-tresor-naturel-a-proteger\/","title":{"rendered":"\u00c0 la d\u00e9couverte des canards du lac d&rsquo;Annecy : un tr\u00e9sor naturel \u00e0 prot\u00e9ger"},"content":{"rendered":"<h2>Introduction : un \u00e9cosyst\u00e8me riche \u00e0 Annecy<\/h2>\n<p>Ces oiseaux aquatiques, \u00e9l\u00e9gants et color\u00e9s, ne sont pas seulement un plaisir pour les yeux ; ils jouent un r\u00f4le crucial dans l&rsquo;\u00e9cosyst\u00e8me du lac. En explorant la vie de ces canards, nous d\u00e9couvrons un monde vibrant qui m\u00e9rite d&rsquo;\u00eatre pr\u00e9serv\u00e9.<\/p>\n<h2>Les diff\u00e9rentes esp\u00e8ces de canards pr\u00e9sents au lac d&rsquo;Annecy<\/h2>\n<p>Le lac d&rsquo;Annecy est le foyer de plusieurs esp\u00e8ces de canards, chacune apportant sa propre contribution \u00e0 l&rsquo;environnement. Parmi les plus communs, on trouve :<\/p>\n<ul>\n<li><strong>Canard colvert<\/strong> : Reconnaissable \u00e0 son plumage brillant et son cri distinctif, il est l&rsquo;esp\u00e8ce la plus r\u00e9pandue.<\/li>\n<li><strong>Canard pilet<\/strong> : Ce canard migrateur se distingue par son plumage nuanc\u00e9, particuli\u00e8rement beau durant la saison de reproduction.<\/li>\n<li><strong>Canard souchet<\/strong> : Avec son bec large et plat, il se nourrit principalement de v\u00e9g\u00e9tation aquatique.<\/li>\n<\/ul>\n<p>Chacune de ces esp\u00e8ces joue un r\u00f4le crucial dans l&rsquo;\u00e9quilibre de l&rsquo;\u00e9cosyst\u00e8me lacustre. Par exemple, le canard souchet contribue \u00e0 contr\u00f4ler la croissance des plantes aquatiques, tandis que le canard colvert aide \u00e0 disperser les graines.<\/p>\n<h2>Impact de l&rsquo;environnement sur les canards<\/h2>\n<p>Le lac d&rsquo;Annecy, bien qu&rsquo;\u00e9tant un havre de paix pour les canards, fait face \u00e0 plusieurs menaces. La pollution, le tourisme de masse et le changement climatique impactent leur habitat naturel.<img width=\"1024\" height=\"576\" src=\"https:\/\/location-lac-annecy.fr\/blog\/wp-content\/uploads\/2025\/02\/stability-a-la-decouverte-des-canards-du-lac-dannecy-un-tresor-naturel-a-proteger-1.png\" class=\"aligncenter\" alt=\"Illustration d\u00e9taill\u00e9e sur \u00c0 la d\u00e9couverte des canards du lac d&#039;Annecy : un tr\u00e9sor naturel \u00e0 prot\u00e9ger\" title=\"\u00c0 la d\u00e9couverte des canards du lac d&#039;Annecy : un tr\u00e9sor naturel \u00e0 prot\u00e9ger\" decoding=\"async\" loading=\"lazy\" \/><\/p>\n<p>La qualit\u00e9 de l&rsquo;eau est un facteur d\u00e9terminant pour la sant\u00e9 des populations de canards. Une eau pollu\u00e9e peut entra\u00eener des probl\u00e8mes de reproduction et une diminution des ressources alimentaires. Les initiatives locales pour pr\u00e9server la qualit\u00e9 de l&rsquo;eau sont donc vitales.<\/p>\n<h2>Comment prot\u00e9ger les canards et leur habitat<\/h2>\n<p>Prot\u00e9ger les canards du lac d&rsquo;Annecy implique des actions concert\u00e9es \u00e0 plusieurs niveaux. Voici quelques mesures pratiques que chacun peut adopter :<\/p>\n<ul>\n<li><strong>\u00c9ducation<\/strong> : Sensibiliser les visiteurs \u00e0 l&rsquo;importance de respecter l&rsquo;environnement et de ne pas nourrir les canards avec des aliments inappropri\u00e9s.<\/li>\n<li><strong>Nettoyage des rives<\/strong> : Participer \u00e0 des initiatives de nettoyage pour r\u00e9duire les d\u00e9chets autour du lac.<\/li>\n<li><strong>Soutenir les projets de conservation<\/strong> : Adh\u00e9rer ou faire un don \u00e0 des organisations qui \u0153uvrent pour la protection des habitats aquatiques.<\/li>\n<\/ul>\n<p>Ces actions, bien que simples, peuvent avoir un impact significatif sur la survie des canards et la sant\u00e9 du lac.<\/p>\n<blockquote><p>\u00ab\u00a0Chaque geste compte pour pr\u00e9server la beaut\u00e9 naturelle du lac d&rsquo;Annecy et de ses habitants.\u00a0\u00bb &#8211; Un naturaliste local<\/p><\/blockquote>\n<p><iframe loading=\"lazy\" title=\"Cinq Petits Canards | Chansons et Comptines pour Enfants | Kids Super Songs Fran\u00e7ais\" width=\"1200\" height=\"675\" src=\"https:\/\/www.youtube.com\/embed\/Zgx1p-VOwEc?feature=oembed\" frameborder=\"0\" allow=\"accelerometer; autoplay; clipboard-write; encrypted-media; gyroscope; picture-in-picture; web-share\" referrerpolicy=\"strict-origin-when-cross-origin\" allowfullscreen><\/iframe><\/p>\n<h2>Tableau r\u00e9capitulatif des esp\u00e8ces de canards<\/h2>\n<table>\n<tr>\n<th>Esp\u00e8ce<\/th>\n<th>Caract\u00e9ristiques<\/th>\n<th>R\u00f4le dans l&rsquo;\u00e9cosyst\u00e8me<\/th>\n<\/tr>\n<tr>\n<td>Canard colvert<\/td>\n<td>Plumage brillant, cri distinctif<\/td>\n<td>Dispersion des graines<\/td>\n<\/tr>\n<tr>\n<td>Canard pilet<\/td>\n<td>Plumage nuanc\u00e9, migrateur<\/td>\n<td>R\u00e9gulation des populations d&rsquo;insectes<\/td>\n<\/tr>\n<tr>\n<td>Canard souchet<\/td>\n<td>Bec large et plat<\/td>\n<td>Contr\u00f4le de la v\u00e9g\u00e9tation aquatique<\/td>\n<\/tr>\n<\/table>\n<h3>FAQ :<\/h3>\n<blockquote>\n<ul>\n<li><strong>Quels sont les meilleurs moments pour observer les canards au lac d&rsquo;Annecy ?<\/strong>Les meilleurs moments se situent le matin et en fin d&rsquo;apr\u00e8s-midi, lorsque les canards sont les plus actifs.<\/li>\n<li><strong>Peut-on nourrir les canards ?<\/strong>Il est pr\u00e9f\u00e9rable de ne pas les nourrir, car cela peut perturber leur alimentation naturelle et leur comportement.<\/li>\n<li><strong>Comment les canards s&rsquo;adaptent-ils aux saisons ?<\/strong>Les canards migrateurs quittent le lac en hiver, tandis que d&rsquo;autres esp\u00e8ces reste pour s&rsquo;adapter aux conditions hivernales.<\/li>\n<li><strong>Quelles initiatives existent pour prot\u00e9ger les canards ?<\/strong>Des programmes de sensibilisation et des projets de restauration des habitats aquatiques sont en cours dans la r\u00e9gion.<\/li>\n<\/ul>\n<\/blockquote>\n<h2>Conclusion : un appel \u00e0 l&rsquo;action<\/h2>\n<p>Les canards du lac d&rsquo;Annecy ne sont pas seulement des habitants pittoresques ; ils sont des indicateurs de la sant\u00e9 de notre environnement aquatique. En prenant des mesures pour prot\u00e9ger ce pr\u00e9cieux \u00e9cosyst\u00e8me, chacun de nous peut contribuer \u00e0 assurer la p\u00e9rennit\u00e9 de ces magnifiques oiseaux. Prenons ensemble l&rsquo;initiative de pr\u00e9server notre patrimoine naturel pour les g\u00e9n\u00e9rations futures.<\/p>\n","protected":false},"excerpt":{"rendered":"","protected":false},"author":34,"featured_media":7361,"comment_status":"open","ping_status":"open","sticky":false,"template":"","format":"standard","meta":{"_acf_changed":false,"manual_indexmenow":false,"indexmenow_id_project":0,"footnotes":""},"categories":[1],"tags":[4641,4545,2537,3670,4645,4644],"class_list":["post-7360","post","type-post","status-publish","format-standard","has-post-thumbnail","hentry","category-a-la-une","tag-annecy","tag-canards","tag-conservation","tag-ecosysteme","tag-habitat","tag-pollution","generate-columns","tablet-grid-50","mobile-grid-100","grid-parent","grid-25"],"acf":[],"yoast_head":"<!-- This site is optimized with the Yoast SEO Premium plugin v21.3 (Yoast SEO v26.5) - https:\/\/yoast.com\/wordpress\/plugins\/seo\/ -->\n<title>\u00c0 la d\u00e9couverte des canards du lac d&#039;Annecy<\/title>\n<meta name=\"description\" content=\"Ces oiseaux aquatiques, \u00e9l\u00e9gants et color\u00e9s, ne sont pas seulement un plaisir pour les yeux; ils jouent un r\u00f4le crucial dans l&#039;\u00e9cosyst\u00e8me du lac.\" \/>\n<meta name=\"robots\" content=\"index, follow, max-snippet:-1, max-image-preview:large, max-video-preview:-1\" \/>\n<link rel=\"canonical\" href=\"https:\/\/location-lac-annecy.fr\/blog\/a-la-une\/a-la-decouverte-des-canards-du-lac-dannecy-un-tresor-naturel-a-proteger\/\" \/>\n<meta property=\"og:locale\" content=\"fr_FR\" \/>\n<meta property=\"og:type\" content=\"article\" \/>\n<meta property=\"og:title\" content=\"\u00c0 la d\u00e9couverte des canards du lac d&#039;Annecy\" \/>\n<meta property=\"og:description\" content=\"Ces oiseaux aquatiques, \u00e9l\u00e9gants et color\u00e9s, ne sont pas seulement un plaisir pour les yeux; ils jouent un r\u00f4le crucial dans l&#039;\u00e9cosyst\u00e8me du lac.\" \/>\n<meta property=\"og:url\" content=\"https:\/\/location-lac-annecy.fr\/blog\/a-la-une\/a-la-decouverte-des-canards-du-lac-dannecy-un-tresor-naturel-a-proteger\/\" \/>\n<meta property=\"og:site_name\" content=\"location-lac-annecy\" \/>\n<meta property=\"og:image\" content=\"https:\/\/location-lac-annecy.fr\/blog\/wp-content\/uploads\/2025\/02\/stability-a-la-decouverte-des-canards-du-lac-dannecy-un-tresor-naturel-a-proteger.png\" \/>\n\t<meta property=\"og:image:width\" content=\"1024\" \/>\n\t<meta property=\"og:image:height\" content=\"576\" \/>\n\t<meta property=\"og:image:type\" content=\"image\/png\" \/>\n<meta name=\"author\" content=\"Camille Rouvray\" \/>\n<meta name=\"twitter:card\" content=\"summary_large_image\" \/>\n<script type=\"application\/ld+json\" class=\"yoast-schema-graph\">{\"@context\":\"https:\/\/schema.org\",\"@graph\":[{\"@type\":\"NewsArticle\",\"@id\":\"https:\/\/location-lac-annecy.fr\/blog\/a-la-une\/a-la-decouverte-des-canards-du-lac-dannecy-un-tresor-naturel-a-proteger\/#article\",\"isPartOf\":{\"@id\":\"https:\/\/location-lac-annecy.fr\/blog\/a-la-une\/a-la-decouverte-des-canards-du-lac-dannecy-un-tresor-naturel-a-proteger\/\"},\"author\":{\"name\":\"Camille Rouvray\",\"@id\":\"https:\/\/location-lac-annecy.fr\/blog\/#\/schema\/person\/3c864cdc320801e3db34b663e7e3f816\"},\"headline\":\"\u00c0 la d\u00e9couverte des canards du lac d&rsquo;Annecy : un tr\u00e9sor naturel \u00e0 prot\u00e9ger\",\"datePublished\":\"2025-02-08T11:20:00+00:00\",\"mainEntityOfPage\":{\"@id\":\"https:\/\/location-lac-annecy.fr\/blog\/a-la-une\/a-la-decouverte-des-canards-du-lac-dannecy-un-tresor-naturel-a-proteger\/\"},\"wordCount\":664,\"commentCount\":21,\"publisher\":{\"@id\":\"https:\/\/location-lac-annecy.fr\/blog\/#organization\"},\"image\":{\"@id\":\"https:\/\/location-lac-annecy.fr\/blog\/a-la-une\/a-la-decouverte-des-canards-du-lac-dannecy-un-tresor-naturel-a-proteger\/#primaryimage\"},\"thumbnailUrl\":\"https:\/\/location-lac-annecy.fr\/blog\/wp-content\/uploads\/2025\/02\/stability-a-la-decouverte-des-canards-du-lac-dannecy-un-tresor-naturel-a-proteger.png\",\"keywords\":[\"Annecy\",\"Canards\",\"Conservation\",\"\u00c9cosyst\u00e8me\",\"Habitat\",\"Pollution\"],\"articleSection\":[\"\u00c0 la une\"],\"inLanguage\":\"fr-FR\",\"potentialAction\":[{\"@type\":\"CommentAction\",\"name\":\"Comment\",\"target\":[\"https:\/\/location-lac-annecy.fr\/blog\/a-la-une\/a-la-decouverte-des-canards-du-lac-dannecy-un-tresor-naturel-a-proteger\/#respond\"]}]},{\"@type\":\"WebPage\",\"@id\":\"https:\/\/location-lac-annecy.fr\/blog\/a-la-une\/a-la-decouverte-des-canards-du-lac-dannecy-un-tresor-naturel-a-proteger\/\",\"url\":\"https:\/\/location-lac-annecy.fr\/blog\/a-la-une\/a-la-decouverte-des-canards-du-lac-dannecy-un-tresor-naturel-a-proteger\/\",\"name\":\"\u00c0 la d\u00e9couverte des canards du lac d'Annecy\",\"isPartOf\":{\"@id\":\"https:\/\/location-lac-annecy.fr\/blog\/#website\"},\"primaryImageOfPage\":{\"@id\":\"https:\/\/location-lac-annecy.fr\/blog\/a-la-une\/a-la-decouverte-des-canards-du-lac-dannecy-un-tresor-naturel-a-proteger\/#primaryimage\"},\"image\":{\"@id\":\"https:\/\/location-lac-annecy.fr\/blog\/a-la-une\/a-la-decouverte-des-canards-du-lac-dannecy-un-tresor-naturel-a-proteger\/#primaryimage\"},\"thumbnailUrl\":\"https:\/\/location-lac-annecy.fr\/blog\/wp-content\/uploads\/2025\/02\/stability-a-la-decouverte-des-canards-du-lac-dannecy-un-tresor-naturel-a-proteger.png\",\"datePublished\":\"2025-02-08T11:20:00+00:00\",\"description\":\"Ces oiseaux aquatiques, \u00e9l\u00e9gants et color\u00e9s, ne sont pas seulement un plaisir pour les yeux; ils jouent un r\u00f4le crucial dans l'\u00e9cosyst\u00e8me du lac.\",\"inLanguage\":\"fr-FR\",\"potentialAction\":[{\"@type\":\"ReadAction\",\"target\":[\"https:\/\/location-lac-annecy.fr\/blog\/a-la-une\/a-la-decouverte-des-canards-du-lac-dannecy-un-tresor-naturel-a-proteger\/\"]}]},{\"@type\":\"ImageObject\",\"inLanguage\":\"fr-FR\",\"@id\":\"https:\/\/location-lac-annecy.fr\/blog\/a-la-une\/a-la-decouverte-des-canards-du-lac-dannecy-un-tresor-naturel-a-proteger\/#primaryimage\",\"url\":\"https:\/\/location-lac-annecy.fr\/blog\/wp-content\/uploads\/2025\/02\/stability-a-la-decouverte-des-canards-du-lac-dannecy-un-tresor-naturel-a-proteger.png\",\"contentUrl\":\"https:\/\/location-lac-annecy.fr\/blog\/wp-content\/uploads\/2025\/02\/stability-a-la-decouverte-des-canards-du-lac-dannecy-un-tresor-naturel-a-proteger.png\",\"width\":1024,\"height\":576},{\"@type\":\"WebSite\",\"@id\":\"https:\/\/location-lac-annecy.fr\/blog\/#website\",\"url\":\"https:\/\/location-lac-annecy.fr\/blog\/\",\"name\":\"Lac d\\\\u2019Annecy\",\"description\":\"D\u00e9couvrez Annecy, vivez l\u2019exception.\",\"publisher\":{\"@id\":\"https:\/\/location-lac-annecy.fr\/blog\/#organization\"},\"alternateName\":\"D\u00e9couvrez Annecy, vivez l\u2019exception.\",\"potentialAction\":[{\"@type\":\"SearchAction\",\"target\":{\"@type\":\"EntryPoint\",\"urlTemplate\":\"https:\/\/location-lac-annecy.fr\/blog\/?s={search_term_string}\"},\"query-input\":{\"@type\":\"PropertyValueSpecification\",\"valueRequired\":true,\"valueName\":\"search_term_string\"}}],\"inLanguage\":\"fr-FR\"},{\"@type\":[\"Organization\",\"NewsMediaOrganization\"],\"@id\":\"https:\/\/location-lac-annecy.fr\/blog\/#organization\",\"name\":\"Lac d\\\\u2019Annecy\",\"alternateName\":\"Lac d\\\\u2019Annecy \u2014 Le carnet du territoire\",\"url\":\"https:\/\/location-lac-annecy.fr\/blog\/\",\"logo\":{\"@type\":\"ImageObject\",\"inLanguage\":\"fr-FR\",\"@id\":\"https:\/\/location-lac-annecy.fr\/blog\/#\/schema\/logo\/image\/\",\"url\":\"https:\/\/location-lac-annecy.fr\/blog\/wp-content\/uploads\/2024\/12\/cropped-Location-Lac-Annecy.png\",\"contentUrl\":\"https:\/\/location-lac-annecy.fr\/blog\/wp-content\/uploads\/2024\/12\/cropped-Location-Lac-Annecy.png\",\"width\":500,\"height\":348,\"caption\":\"Lac d\\\\u2019Annecy\"},\"image\":{\"@id\":\"https:\/\/location-lac-annecy.fr\/blog\/#\/schema\/logo\/image\/\"},\"publishingPrinciples\":\"https:\/\/location-lac-annecy.fr\/blog\/charte-editoriale\/\",\"ethicsPolicy\":\"https:\/\/location-lac-annecy.fr\/blog\/charte-editoriale\/\",\"actionableFeedbackPolicy\":\"https:\/\/location-lac-annecy.fr\/blog\/contact\/\",\"foundingDate\":\"2024-12-01\"},{\"@type\":\"Person\",\"@id\":\"https:\/\/location-lac-annecy.fr\/blog\/#\/schema\/person\/3c864cdc320801e3db34b663e7e3f816\",\"name\":\"Camille Rouvray\",\"image\":{\"@type\":\"ImageObject\",\"inLanguage\":\"fr-FR\",\"@id\":\"https:\/\/location-lac-annecy.fr\/blog\/#\/schema\/person\/image\/\",\"url\":\"https:\/\/location-lac-annecy.fr\/blog\/wp-content\/uploads\/2026\/06\/persona_camille-r-96x96.jpg\",\"contentUrl\":\"https:\/\/location-lac-annecy.fr\/blog\/wp-content\/uploads\/2026\/06\/persona_camille-r-96x96.jpg\",\"caption\":\"Camille Rouvray\"},\"description\":\"Je voyage et j'\u00e9cris sur le voyage depuis une douzaine d'ann\u00e9es, d'abord en tant que routarde au long cours, puis comme r\u00e9dactrice sp\u00e9cialis\u00e9e. Mon terrain de pr\u00e9dilection, ce sont les circuits organis\u00e9s et l'art de bien pr\u00e9parer un itin\u00e9raire : choix de la saison, dur\u00e9e r\u00e9aliste des \u00e9tapes, budget jour par jour, logement et transport sur place. J'aime aussi raconter les p\u00e9pites urbaines, ces adresses qu'on ne trouve pas dans les guides classiques. Avant de publier un dossier destination, je croise toujours plusieurs sources, je v\u00e9rifie les tarifs et les formalit\u00e9s d'entr\u00e9e \u00e0 jour, et je teste moi-m\u00eame quand je le peux. Mon angle reste pratique avant tout : aider le lecteur \u00e0 partir l'esprit tranquille, sans mauvaise surprise une fois sur place. Je m'attache \u00e0 distinguer le coup de c\u0153ur sinc\u00e8re du simple argument marketing.\",\"sameAs\":[\"https:\/\/camillerouvray.fr\/\"],\"url\":\"https:\/\/location-lac-annecy.fr\/blog\/auteur\/noname\/\"}]}<\/script>\n<!-- \/ Yoast SEO Premium plugin. -->","yoast_head_json":{"title":"\u00c0 la d\u00e9couverte des canards du lac d'Annecy","description":"Ces oiseaux aquatiques, \u00e9l\u00e9gants et color\u00e9s, ne sont pas seulement un plaisir pour les yeux; ils jouent un r\u00f4le crucial dans l'\u00e9cosyst\u00e8me du lac.","robots":{"index":"index","follow":"follow","max-snippet":"max-snippet:-1","max-image-preview":"max-image-preview:large","max-video-preview":"max-video-preview:-1"},"canonical":"https:\/\/location-lac-annecy.fr\/blog\/a-la-une\/a-la-decouverte-des-canards-du-lac-dannecy-un-tresor-naturel-a-proteger\/","og_locale":"fr_FR","og_type":"article","og_title":"\u00c0 la d\u00e9couverte des canards du lac d'Annecy","og_description":"Ces oiseaux aquatiques, \u00e9l\u00e9gants et color\u00e9s, ne sont pas seulement un plaisir pour les yeux; ils jouent un r\u00f4le crucial dans l'\u00e9cosyst\u00e8me du lac.","og_url":"https:\/\/location-lac-annecy.fr\/blog\/a-la-une\/a-la-decouverte-des-canards-du-lac-dannecy-un-tresor-naturel-a-proteger\/","og_site_name":"location-lac-annecy","og_image":[{"width":1024,"height":576,"url":"https:\/\/location-lac-annecy.fr\/blog\/wp-content\/uploads\/2025\/02\/stability-a-la-decouverte-des-canards-du-lac-dannecy-un-tresor-naturel-a-proteger.png","type":"image\/png"}],"author":"Camille Rouvray","twitter_card":"summary_large_image","schema":{"@context":"https:\/\/schema.org","@graph":[{"@type":"NewsArticle","@id":"https:\/\/location-lac-annecy.fr\/blog\/a-la-une\/a-la-decouverte-des-canards-du-lac-dannecy-un-tresor-naturel-a-proteger\/#article","isPartOf":{"@id":"https:\/\/location-lac-annecy.fr\/blog\/a-la-une\/a-la-decouverte-des-canards-du-lac-dannecy-un-tresor-naturel-a-proteger\/"},"author":{"name":"Camille Rouvray","@id":"https:\/\/location-lac-annecy.fr\/blog\/#\/schema\/person\/3c864cdc320801e3db34b663e7e3f816"},"headline":"\u00c0 la d\u00e9couverte des canards du lac d&rsquo;Annecy : un tr\u00e9sor naturel \u00e0 prot\u00e9ger","datePublished":"2025-02-08T11:20:00+00:00","mainEntityOfPage":{"@id":"https:\/\/location-lac-annecy.fr\/blog\/a-la-une\/a-la-decouverte-des-canards-du-lac-dannecy-un-tresor-naturel-a-proteger\/"},"wordCount":664,"commentCount":21,"publisher":{"@id":"https:\/\/location-lac-annecy.fr\/blog\/#organization"},"image":{"@id":"https:\/\/location-lac-annecy.fr\/blog\/a-la-une\/a-la-decouverte-des-canards-du-lac-dannecy-un-tresor-naturel-a-proteger\/#primaryimage"},"thumbnailUrl":"https:\/\/location-lac-annecy.fr\/blog\/wp-content\/uploads\/2025\/02\/stability-a-la-decouverte-des-canards-du-lac-dannecy-un-tresor-naturel-a-proteger.png","keywords":["Annecy","Canards","Conservation","\u00c9cosyst\u00e8me","Habitat","Pollution"],"articleSection":["\u00c0 la une"],"inLanguage":"fr-FR","potentialAction":[{"@type":"CommentAction","name":"Comment","target":["https:\/\/location-lac-annecy.fr\/blog\/a-la-une\/a-la-decouverte-des-canards-du-lac-dannecy-un-tresor-naturel-a-proteger\/#respond"]}]},{"@type":"WebPage","@id":"https:\/\/location-lac-annecy.fr\/blog\/a-la-une\/a-la-decouverte-des-canards-du-lac-dannecy-un-tresor-naturel-a-proteger\/","url":"https:\/\/location-lac-annecy.fr\/blog\/a-la-une\/a-la-decouverte-des-canards-du-lac-dannecy-un-tresor-naturel-a-proteger\/","name":"\u00c0 la d\u00e9couverte des canards du lac d'Annecy","isPartOf":{"@id":"https:\/\/location-lac-annecy.fr\/blog\/#website"},"primaryImageOfPage":{"@id":"https:\/\/location-lac-annecy.fr\/blog\/a-la-une\/a-la-decouverte-des-canards-du-lac-dannecy-un-tresor-naturel-a-proteger\/#primaryimage"},"image":{"@id":"https:\/\/location-lac-annecy.fr\/blog\/a-la-une\/a-la-decouverte-des-canards-du-lac-dannecy-un-tresor-naturel-a-proteger\/#primaryimage"},"thumbnailUrl":"https:\/\/location-lac-annecy.fr\/blog\/wp-content\/uploads\/2025\/02\/stability-a-la-decouverte-des-canards-du-lac-dannecy-un-tresor-naturel-a-proteger.png","datePublished":"2025-02-08T11:20:00+00:00","description":"Ces oiseaux aquatiques, \u00e9l\u00e9gants et color\u00e9s, ne sont pas seulement un plaisir pour les yeux; ils jouent un r\u00f4le crucial dans l'\u00e9cosyst\u00e8me du lac.","inLanguage":"fr-FR","potentialAction":[{"@type":"ReadAction","target":["https:\/\/location-lac-annecy.fr\/blog\/a-la-une\/a-la-decouverte-des-canards-du-lac-dannecy-un-tresor-naturel-a-proteger\/"]}]},{"@type":"ImageObject","inLanguage":"fr-FR","@id":"https:\/\/location-lac-annecy.fr\/blog\/a-la-une\/a-la-decouverte-des-canards-du-lac-dannecy-un-tresor-naturel-a-proteger\/#primaryimage","url":"https:\/\/location-lac-annecy.fr\/blog\/wp-content\/uploads\/2025\/02\/stability-a-la-decouverte-des-canards-du-lac-dannecy-un-tresor-naturel-a-proteger.png","contentUrl":"https:\/\/location-lac-annecy.fr\/blog\/wp-content\/uploads\/2025\/02\/stability-a-la-decouverte-des-canards-du-lac-dannecy-un-tresor-naturel-a-proteger.png","width":1024,"height":576},{"@type":"WebSite","@id":"https:\/\/location-lac-annecy.fr\/blog\/#website","url":"https:\/\/location-lac-annecy.fr\/blog\/","name":"Lac d\\u2019Annecy","description":"D\u00e9couvrez Annecy, vivez l\u2019exception.","publisher":{"@id":"https:\/\/location-lac-annecy.fr\/blog\/#organization"},"alternateName":"D\u00e9couvrez Annecy, vivez l\u2019exception.","potentialAction":[{"@type":"SearchAction","target":{"@type":"EntryPoint","urlTemplate":"https:\/\/location-lac-annecy.fr\/blog\/?s={search_term_string}"},"query-input":{"@type":"PropertyValueSpecification","valueRequired":true,"valueName":"search_term_string"}}],"inLanguage":"fr-FR"},{"@type":["Organization","NewsMediaOrganization"],"@id":"https:\/\/location-lac-annecy.fr\/blog\/#organization","name":"Lac d\\u2019Annecy","alternateName":"Lac d\\u2019Annecy \u2014 Le carnet du territoire","url":"https:\/\/location-lac-annecy.fr\/blog\/","logo":{"@type":"ImageObject","inLanguage":"fr-FR","@id":"https:\/\/location-lac-annecy.fr\/blog\/#\/schema\/logo\/image\/","url":"https:\/\/location-lac-annecy.fr\/blog\/wp-content\/uploads\/2024\/12\/cropped-Location-Lac-Annecy.png","contentUrl":"https:\/\/location-lac-annecy.fr\/blog\/wp-content\/uploads\/2024\/12\/cropped-Location-Lac-Annecy.png","width":500,"height":348,"caption":"Lac d\\u2019Annecy"},"image":{"@id":"https:\/\/location-lac-annecy.fr\/blog\/#\/schema\/logo\/image\/"},"publishingPrinciples":"https:\/\/location-lac-annecy.fr\/blog\/charte-editoriale\/","ethicsPolicy":"https:\/\/location-lac-annecy.fr\/blog\/charte-editoriale\/","actionableFeedbackPolicy":"https:\/\/location-lac-annecy.fr\/blog\/contact\/","foundingDate":"2024-12-01"},{"@type":"Person","@id":"https:\/\/location-lac-annecy.fr\/blog\/#\/schema\/person\/3c864cdc320801e3db34b663e7e3f816","name":"Camille Rouvray","image":{"@type":"ImageObject","inLanguage":"fr-FR","@id":"https:\/\/location-lac-annecy.fr\/blog\/#\/schema\/person\/image\/","url":"https:\/\/location-lac-annecy.fr\/blog\/wp-content\/uploads\/2026\/06\/persona_camille-r-96x96.jpg","contentUrl":"https:\/\/location-lac-annecy.fr\/blog\/wp-content\/uploads\/2026\/06\/persona_camille-r-96x96.jpg","caption":"Camille Rouvray"},"description":"Je voyage et j'\u00e9cris sur le voyage depuis une douzaine d'ann\u00e9es, d'abord en tant que routarde au long cours, puis comme r\u00e9dactrice sp\u00e9cialis\u00e9e. Mon terrain de pr\u00e9dilection, ce sont les circuits organis\u00e9s et l'art de bien pr\u00e9parer un itin\u00e9raire : choix de la saison, dur\u00e9e r\u00e9aliste des \u00e9tapes, budget jour par jour, logement et transport sur place. J'aime aussi raconter les p\u00e9pites urbaines, ces adresses qu'on ne trouve pas dans les guides classiques. Avant de publier un dossier destination, je croise toujours plusieurs sources, je v\u00e9rifie les tarifs et les formalit\u00e9s d'entr\u00e9e \u00e0 jour, et je teste moi-m\u00eame quand je le peux. Mon angle reste pratique avant tout : aider le lecteur \u00e0 partir l'esprit tranquille, sans mauvaise surprise une fois sur place. Je m'attache \u00e0 distinguer le coup de c\u0153ur sinc\u00e8re du simple argument marketing.","sameAs":["https:\/\/camillerouvray.fr\/"],"url":"https:\/\/location-lac-annecy.fr\/blog\/auteur\/noname\/"}]}},"_links":{"self":[{"href":"https:\/\/location-lac-annecy.fr\/blog\/wp-json\/wp\/v2\/posts\/7360","targetHints":{"allow":["GET"]}}],"collection":[{"href":"https:\/\/location-lac-annecy.fr\/blog\/wp-json\/wp\/v2\/posts"}],"about":[{"href":"https:\/\/location-lac-annecy.fr\/blog\/wp-json\/wp\/v2\/types\/post"}],"author":[{"embeddable":true,"href":"https:\/\/location-lac-annecy.fr\/blog\/wp-json\/wp\/v2\/users\/34"}],"replies":[{"embeddable":true,"href":"https:\/\/location-lac-annecy.fr\/blog\/wp-json\/wp\/v2\/comments?post=7360"}],"version-history":[{"count":2,"href":"https:\/\/location-lac-annecy.fr\/blog\/wp-json\/wp\/v2\/posts\/7360\/revisions"}],"predecessor-version":[{"id":7542,"href":"https:\/\/location-lac-annecy.fr\/blog\/wp-json\/wp\/v2\/posts\/7360\/revisions\/7542"}],"wp:featuredmedia":[{"embeddable":true,"href":"https:\/\/location-lac-annecy.fr\/blog\/wp-json\/wp\/v2\/media\/7361"}],"wp:attachment":[{"href":"https:\/\/location-lac-annecy.fr\/blog\/wp-json\/wp\/v2\/media?parent=7360"}],"wp:term":[{"taxonomy":"category","embeddable":true,"href":"https:\/\/location-lac-annecy.fr\/blog\/wp-json\/wp\/v2\/categories?post=7360"},{"taxonomy":"post_tag","embeddable":true,"href":"https:\/\/location-lac-annecy.fr\/blog\/wp-json\/wp\/v2\/tags?post=7360"}],"curies":[{"name":"wp","href":"https:\/\/api.w.org\/{rel}","templated":true}]}}